{"id":754,"date":"2008-10-22T22:14:46","date_gmt":"2008-10-22T20:14:46","guid":{"rendered":"https:\/\/www.marianske-lazne.de\/?p=754"},"modified":"2020-04-29T09:55:34","modified_gmt":"2020-04-29T07:55:34","slug":"ein-kleiner-ausflug-in-die-geschichte-von-marianske-laznemarienbad-teil-2","status":"publish","type":"post","link":"https:\/\/www.marianske-lazne.de\/?p=754","title":{"rendered":"(2) Ausflug in die Geschichte von Mari\u00e1nsk\u00e9 L\u00e1zn\u011b\/Marienbad (1918 &#8211; 1990)"},"content":{"rendered":"<p>Der Erste Weltkrieg brachte einen herben Einschnitt in der bisherigen erfolgreichen Entwicklung des Kurbades, doch es trat recht schnell eine Erholung ein. Der Kurbetrieb lebte wieder auf, trotz Inflation stiegen die Besucherzahlen auf Vorkriegsniveau an und erreichten 1929 die bisher einmalige Rekordzahl von <strong>41.226 Kurg\u00e4sten<\/strong> in einer Saison.<\/p>\n<p>Marienbad war zu dieser Zeit <strong>DAS<\/strong> angesagteste Reiseziel f\u00fcr die Ber\u00fchmten, Sch\u00f6nen und Reichen dieser Welt &#8211; nur <a href=\"https:\/\/de.wikipedia.org\/wiki\/St._Moritz\" target=\"_blank\" rel=\"noopener noreferrer\">St. Moritz<\/a> war damals <strong>noch <\/strong>exklusiver!<\/p>\n<p>Die entscheidende Z\u00e4sur kam mit dem Zweiten Weltkrieg, der das vorl\u00e4ufige Ende des internationalen Besucherstroms bedeutete. Die Kurstadt blieb zwar im Krieg von Zerst\u00f6rungen verschont, erlitt aber deutliche Blessuren, an denen das Kurbad noch einige Zeit zu leiden hatte: 1943 wurde die Berliner Charite nach Mari\u00e1nsk\u00e9 L\u00e1zn\u011b verlegt, weil in Berlin aufgrund der st\u00e4ndigen Luftangriffe der Allierten nicht mehr f\u00fcr die Sicherheit der Patienten garantiert werden konnte.\u00a0Daf\u00fcr wurden in Mari\u00e1nsk\u00e9 L\u00e1zn\u011b insgesamt 90 H\u00e4user &#8211; auch Kur-Hotels &#8211; \u00a0 beschlagnahmt.<\/p>\n<p>In dieser Zeit wurde auch der sogenannte &#8222;Berliner Friedhof&#8220; (<em>berl\u00ednsk\u00fd h\u0159bitov<\/em>) angelegt, ein Abschnitt des st\u00e4dtischen Friedhofs, auf dem verstorbene Patienten der ausgelagerten Charite, aber auch Soldaten beerdigt sind.<\/p>\n<p>Weitere Belastungen erfuhr Marianske Lazne in der Folgezeit durch die Fl\u00fcchtlingsstr\u00f6me aus dem Osten: zu dieser Zeit hatten Mari\u00e1nsk\u00e9 L\u00e1zn\u011b und \u00da\u0161ovice zusammen ca. 12.000 Einwohner, durch die Fl\u00fcchtlinge hatte sich diese Zahl auf 50.000 erh\u00f6ht &#8211; also mehr als vervierfacht!<br \/>\nHygienische und Versorgungsprobleme waren die logische Folge.<\/p>\n<p>Am 6. Mai 1945 wurde Mari\u00e1nsk\u00e9 L\u00e1zn\u011b\/Marienbad von der <a href=\"https:\/\/de.wikipedia.org\/wiki\/Third_United_States_Army\" target=\"_blank\" rel=\"noopener noreferrer\">3. US-Armee<\/a> unter F\u00fchrung von <a href=\"https:\/\/de.wikipedia.org\/wiki\/George_S._Patton\" target=\"_blank\" rel=\"noopener noreferrer\">General Patton<\/a> befreit. Somit war f\u00fcr den Kurort der Zweite Weltkrieg beendet, mit den Auswirkungen hatte die Stadt allerdings noch lange zu k\u00e4mpfen.<\/p>\n<p>Bereits w\u00e4hrend der letzten Kampfhandlungen des Krieges befanden sich viele deutschb\u00f6hmische Bewohner auf der Flucht, weitere wurden aufgrund der <a href=\"https:\/\/de.wikipedia.org\/wiki\/Bene%C5%A1-Dekrete\" target=\"_blank\" rel=\"noopener noreferrer\">Bene\u0161-Dekrete<\/a> in den Jahren 1945\/1946 deportiert.<\/p>\n<p>Daf\u00fcr kamen aus den verschiedensten z.T. weit entlegenen Gegenden der Tschechoslowakei Neub\u00fcrger in die ehemals mehrheitlich von Deutschen bewohnten St\u00e4dte und Gemeinden, die allerdings in der gro\u00dfen Mehrheit\u00a0 keinen Bezug zu dem weltber\u00fchmten Kurbad hatten und leider oft auch\u00a0nicht aufbauen wollten.<\/p>\n<p>1946 wurden die Kureinrichtungen verstaatlicht, und Mari\u00e1nsk\u00e9 L\u00e1zn\u011b\/Marienbad wurde zu einem Kurort den tschechoslowakischen Gewerkschaftsbundes (ROH).<\/p>\n<p>Die Zahl der Kurg\u00e4ste stieg wieder an, es wurde nunmehr zum Ganzjahreskurbetrieb \u00fcbergegangen. Das Kur- und Badewesen entwickelte sich weiter, 1952 wurde das Balneologische Forschungszentrum mit internationaler Bedeutung gegr\u00fcndet, an dieser Stelle befindet sich seit 2004 das Hotel Falkensteiner Grand Spa:<\/p>\n<p><a href=\"https:\/\/www.marianske-lazne.de\/wp-content\/uploads\/2017\/10\/grandspa.jpg\"><img loading=\"lazy\" decoding=\"async\" class=\"aligncenter wp-image-704 size-full\" src=\"https:\/\/www.marianske-lazne.de\/wp-content\/uploads\/2017\/10\/grandspa.jpg\" alt=\"\" width=\"800\" height=\"600\" srcset=\"https:\/\/www.marianske-lazne.de\/wp-content\/uploads\/2017\/10\/grandspa.jpg 800w, https:\/\/www.marianske-lazne.de\/wp-content\/uploads\/2017\/10\/grandspa-300x225.jpg 300w, https:\/\/www.marianske-lazne.de\/wp-content\/uploads\/2017\/10\/grandspa-768x576.jpg 768w\" sizes=\"auto, (max-width: 767px) 89vw, (max-width: 1000px) 54vw, (max-width: 1071px) 543px, 580px\" \/><\/a><\/p>\n<p>In den siebziger und achtziger Jahren des 20. Jahrhunderts stabilsierte sich die Zahl der j\u00e4hrlichen Kurg\u00e4ste auf einem recht hohen Niveau (1984: 36.006 , 1985: 37.256, davon jeweils ca. 10% Patienten zur ambulanten Kur).<br \/>\nWenn man die Urlauber und kurzfristigen Besucher hinzurechnet, kommt man in diesen Jahren auf 200.000 bzw. 1.000.000 G\u00e4ste pro Jahr, so dass man davon ausgehen kann, dass wahrscheinlich jeder B\u00fcrger der damaligen Tschechoslowakei einmal im Leben Mari\u00e1nsk\u00e9 L\u00e1zn\u011b\/Marienbad besucht haben wird.<\/p>\n<p>Obwohl also der weitaus gr\u00f6sste Teil der Patienten aus der Tschechoslowakei kamen, war der Anteil der ausl\u00e4ndischen G\u00e4ste doch bemerkenswert: ca. 3.000 Patienten fuhren j\u00e4hrlich aus der damaligen DDR nach Mari\u00e1nsk\u00e9 L\u00e1zn\u011b\/Marienbad, und auch aus der Bundesrepublik Deutschland + Westberlin fanden pro Jahr etwa 700 Kurg\u00e4ste den Weg ins westb\u00f6hmische Kurbad, denn f\u00fcr die Behandlung spezieller Erkrankungen des Bewegungsapparates sowie der Nieren und des Verdauungssystems war und ist ein Kuraufenthalt in Mari\u00e1nsk\u00e9 L\u00e1zn\u011b\/Marienbad zu jeder Zeit ein Geheimtipp!<\/p>\n<p>Unser Onkel Conrad Burgold hatte ebenfalls das Gl\u00fcck, sein Nierenleiden hier kurieren zu lassen. Ein paar Erinnerungsbilder von seinen Aufenthalten in den Jahren 1962\/63 gibt es noch &#8211; <a href=\"https:\/\/www.marianske-lazne.de\/?p=756\">hier im dritten Teil<\/a> dieser kleinen historischen Betrachtung.<\/p>\n<p>Nach der <a href=\"https:\/\/de.wikipedia.org\/wiki\/Samtene_Revolution\" target=\"_blank\" rel=\"noopener noreferrer\">Samtenen Revolution in Herbst 1989<\/a>\u00a0 ging es zun\u00e4chst wiederum\u00a0 um eine Neuausrichtung des Kurbades. Eine Vielzahl der Geb\u00e4ude hatte unter der mangelnden Instandhaltung der letzten Jahrzehnte zum Teil stark gelitten, doch die neu entstandenen privatwirtschaftlich arbeitetenden Unternehmen waren nicht mit unendlich viel Kapital ausger\u00fcstet, so dass die Sanierung\/Restaurierung der Kureinrichtungen nur schrittweise erfolgen konnte.<br \/>\nInzwischen findet man aber im Stadtzentrum nur noch sehr wenige sanierungsbed\u00fcrftige Objekte, und zum Gl\u00fcck ist man beim Stadtumbau recht behutsam und mit dem Hauptaugenmerk auf die Historie der Stadt vorgegangen und hat nicht die Fehler anderer (westlicher) Kurst\u00e4dte wiederholt.<\/p>\n<p>Doch: <strong><span style=\"color: #ff0000;\">HALT<\/span><\/strong> &#8211;<strong> beinahe w\u00e4re es doch passiert<\/strong>, und im Zentrum von Mari\u00e1nsk\u00e9 L\u00e1zn\u011b w\u00e4re ein Betonklotz &#8211; eher wenig zur \u00fcbrigen Architektur passend &#8211;\u00a0 entstanden. Dazu muss ich ein wenig weiter ausholen.<\/p>\n<p>So mancher Besucher Marienbads wird sich \u00fcber den seltsamen freien Platz am oberen Ende der Hlavn\u00ed t\u0159\u00edda \/ Hauptstra\u00dfe Richtung Kolonade hin\u00fcber gewundert haben:<\/p>\n<div id='gallery-1' class='gallery galleryid-754 gallery-columns-2 gallery-size-large'><figure class='gallery-item'>\n\t\t\t<div class='gallery-icon landscape'>\n\t\t\t\t<a href='https:\/\/www.marianske-lazne.de\/wp-content\/uploads\/2008\/10\/DSC0495.jpg'><img loading=\"lazy\" decoding=\"async\" width=\"525\" height=\"394\" src=\"https:\/\/www.marianske-lazne.de\/wp-content\/uploads\/2008\/10\/DSC0495-1024x768.jpg\" class=\"attachment-large size-large\" alt=\"\" srcset=\"https:\/\/www.marianske-lazne.de\/wp-content\/uploads\/2008\/10\/DSC0495-1024x768.jpg 1024w, https:\/\/www.marianske-lazne.de\/wp-content\/uploads\/2008\/10\/DSC0495-300x225.jpg 300w, https:\/\/www.marianske-lazne.de\/wp-content\/uploads\/2008\/10\/DSC0495-768x576.jpg 768w\" sizes=\"auto, 100vw\" \/><\/a>\n\t\t\t<\/div><\/figure><figure class='gallery-item'>\n\t\t\t<div class='gallery-icon landscape'>\n\t\t\t\t<a href='https:\/\/www.marianske-lazne.de\/wp-content\/uploads\/2008\/10\/DSC03587.jpg'><img loading=\"lazy\" decoding=\"async\" width=\"525\" height=\"394\" src=\"https:\/\/www.marianske-lazne.de\/wp-content\/uploads\/2008\/10\/DSC03587-1024x768.jpg\" class=\"attachment-large size-large\" alt=\"\" srcset=\"https:\/\/www.marianske-lazne.de\/wp-content\/uploads\/2008\/10\/DSC03587-1024x768.jpg 1024w, https:\/\/www.marianske-lazne.de\/wp-content\/uploads\/2008\/10\/DSC03587-300x225.jpg 300w, https:\/\/www.marianske-lazne.de\/wp-content\/uploads\/2008\/10\/DSC03587-768x576.jpg 768w\" sizes=\"auto, 100vw\" \/><\/a>\n\t\t\t<\/div><\/figure><figure class='gallery-item'>\n\t\t\t<div class='gallery-icon landscape'>\n\t\t\t\t<a href='https:\/\/www.marianske-lazne.de\/wp-content\/uploads\/2008\/10\/DSC04988-2.jpg'><img loading=\"lazy\" decoding=\"async\" width=\"525\" height=\"394\" src=\"https:\/\/www.marianske-lazne.de\/wp-content\/uploads\/2008\/10\/DSC04988-2-1024x768.jpg\" class=\"attachment-large size-large\" alt=\"\" srcset=\"https:\/\/www.marianske-lazne.de\/wp-content\/uploads\/2008\/10\/DSC04988-2-1024x768.jpg 1024w, https:\/\/www.marianske-lazne.de\/wp-content\/uploads\/2008\/10\/DSC04988-2-300x225.jpg 300w, https:\/\/www.marianske-lazne.de\/wp-content\/uploads\/2008\/10\/DSC04988-2-768x576.jpg 768w\" sizes=\"auto, 100vw\" \/><\/a>\n\t\t\t<\/div><\/figure><figure class='gallery-item'>\n\t\t\t<div class='gallery-icon landscape'>\n\t\t\t\t<a href='https:\/\/www.marianske-lazne.de\/wp-content\/uploads\/2008\/10\/DSC05195-2.jpg'><img loading=\"lazy\" decoding=\"async\" width=\"525\" height=\"394\" src=\"https:\/\/www.marianske-lazne.de\/wp-content\/uploads\/2008\/10\/DSC05195-2-1024x768.jpg\" class=\"attachment-large size-large\" alt=\"\" srcset=\"https:\/\/www.marianske-lazne.de\/wp-content\/uploads\/2008\/10\/DSC05195-2-1024x768.jpg 1024w, https:\/\/www.marianske-lazne.de\/wp-content\/uploads\/2008\/10\/DSC05195-2-300x225.jpg 300w, https:\/\/www.marianske-lazne.de\/wp-content\/uploads\/2008\/10\/DSC05195-2-768x576.jpg 768w\" sizes=\"auto, 100vw\" \/><\/a>\n\t\t\t<\/div><\/figure><figure class='gallery-item'>\n\t\t\t<div class='gallery-icon landscape'>\n\t\t\t\t<a href='https:\/\/www.marianske-lazne.de\/wp-content\/uploads\/2008\/10\/DSC05952-2.jpg'><img loading=\"lazy\" decoding=\"async\" width=\"525\" height=\"394\" src=\"https:\/\/www.marianske-lazne.de\/wp-content\/uploads\/2008\/10\/DSC05952-2-1024x768.jpg\" class=\"attachment-large size-large\" alt=\"\" srcset=\"https:\/\/www.marianske-lazne.de\/wp-content\/uploads\/2008\/10\/DSC05952-2-1024x768.jpg 1024w, https:\/\/www.marianske-lazne.de\/wp-content\/uploads\/2008\/10\/DSC05952-2-300x225.jpg 300w, https:\/\/www.marianske-lazne.de\/wp-content\/uploads\/2008\/10\/DSC05952-2-768x576.jpg 768w\" sizes=\"auto, 100vw\" \/><\/a>\n\t\t\t<\/div><\/figure><figure class='gallery-item'>\n\t\t\t<div class='gallery-icon landscape'>\n\t\t\t\t<a href='https:\/\/www.marianske-lazne.de\/wp-content\/uploads\/2008\/10\/DSC06967-2.jpg'><img loading=\"lazy\" decoding=\"async\" width=\"525\" height=\"394\" src=\"https:\/\/www.marianske-lazne.de\/wp-content\/uploads\/2008\/10\/DSC06967-2-1024x768.jpg\" class=\"attachment-large size-large\" alt=\"\" srcset=\"https:\/\/www.marianske-lazne.de\/wp-content\/uploads\/2008\/10\/DSC06967-2-1024x768.jpg 1024w, https:\/\/www.marianske-lazne.de\/wp-content\/uploads\/2008\/10\/DSC06967-2-300x225.jpg 300w, https:\/\/www.marianske-lazne.de\/wp-content\/uploads\/2008\/10\/DSC06967-2-768x576.jpg 768w\" sizes=\"auto, 100vw\" \/><\/a>\n\t\t\t<\/div><\/figure>\n\t\t<\/div>\n\n<p>Hier befand sich bis zu den Jahren 1977-79 ein Geb\u00e4udekomplex von 11 bzw. 12 H\u00e4usern, darunter solche namhafte Geb\u00e4ude wie das Hotel Krym (fr\u00fcher Tepler Haus) und das Hotel Klinger.<\/p>\n<p>Im historischen Stadtplan von 1910 sind die H\u00e4user zwischen Franz-Josefs-Platz und der Stephansstra\u00dfe eingezeichnet:<\/p>\n<p><a href=\"https:\/\/www.marianske-lazne.de\/wp-content\/uploads\/2008\/10\/ausschnitt_historisch.jpg\"><img loading=\"lazy\" decoding=\"async\" class=\"aligncenter size-full wp-image-886\" src=\"https:\/\/www.marianske-lazne.de\/wp-content\/uploads\/2008\/10\/ausschnitt_historisch.jpg\" alt=\"\" width=\"548\" height=\"486\" srcset=\"https:\/\/www.marianske-lazne.de\/wp-content\/uploads\/2008\/10\/ausschnitt_historisch.jpg 548w, https:\/\/www.marianske-lazne.de\/wp-content\/uploads\/2008\/10\/ausschnitt_historisch-300x266.jpg 300w\" sizes=\"auto, (max-width: 548px) 100vw, 548px\" \/><\/a><\/p>\n<p><a href=\"https:\/\/www.marianske-lazne.de\/wp-content\/uploads\/2008\/10\/Marienbad_Stadtplan_alt.jpg\"><img loading=\"lazy\" decoding=\"async\" class=\"aligncenter size-large wp-image-887\" src=\"https:\/\/www.marianske-lazne.de\/wp-content\/uploads\/2008\/10\/Marienbad_Stadtplan_alt-746x1024.jpg\" alt=\"\" width=\"525\" height=\"721\" srcset=\"https:\/\/www.marianske-lazne.de\/wp-content\/uploads\/2008\/10\/Marienbad_Stadtplan_alt-746x1024.jpg 746w, https:\/\/www.marianske-lazne.de\/wp-content\/uploads\/2008\/10\/Marienbad_Stadtplan_alt-218x300.jpg 218w, https:\/\/www.marianske-lazne.de\/wp-content\/uploads\/2008\/10\/Marienbad_Stadtplan_alt-768x1055.jpg 768w\" sizes=\"auto, (max-width: 525px) 100vw, 525px\" \/><\/a><\/p>\n<div id='gallery-2' class='gallery galleryid-754 gallery-columns-2 gallery-size-medium'><figure class='gallery-item'>\n\t\t\t<div class='gallery-icon landscape'>\n\t\t\t\t<a href='https:\/\/www.marianske-lazne.de\/wp-content\/uploads\/2008\/10\/tepler_haus2.jpg'><img loading=\"lazy\" decoding=\"async\" width=\"300\" height=\"201\" src=\"https:\/\/www.marianske-lazne.de\/wp-content\/uploads\/2008\/10\/tepler_haus2-300x201.jpg\" class=\"attachment-medium size-medium\" alt=\"\" srcset=\"https:\/\/www.marianske-lazne.de\/wp-content\/uploads\/2008\/10\/tepler_haus2-300x201.jpg 300w, https:\/\/www.marianske-lazne.de\/wp-content\/uploads\/2008\/10\/tepler_haus2.jpg 560w\" sizes=\"auto, 100vw\" \/><\/a>\n\t\t\t<\/div><\/figure><figure class='gallery-item'>\n\t\t\t<div class='gallery-icon portrait'>\n\t\t\t\t<a href='https:\/\/www.marianske-lazne.de\/wp-content\/uploads\/2008\/10\/tepler_Haus1.jpg'><img loading=\"lazy\" decoding=\"async\" width=\"298\" height=\"300\" src=\"https:\/\/www.marianske-lazne.de\/wp-content\/uploads\/2008\/10\/tepler_Haus1-298x300.jpg\" class=\"attachment-medium size-medium\" alt=\"\" srcset=\"https:\/\/www.marianske-lazne.de\/wp-content\/uploads\/2008\/10\/tepler_Haus1-298x300.jpg 298w, https:\/\/www.marianske-lazne.de\/wp-content\/uploads\/2008\/10\/tepler_Haus1-150x150.jpg 150w, https:\/\/www.marianske-lazne.de\/wp-content\/uploads\/2008\/10\/tepler_Haus1-768x773.jpg 768w, https:\/\/www.marianske-lazne.de\/wp-content\/uploads\/2008\/10\/tepler_Haus1-100x100.jpg 100w, https:\/\/www.marianske-lazne.de\/wp-content\/uploads\/2008\/10\/tepler_Haus1.jpg 840w\" sizes=\"auto, 100vw\" \/><\/a>\n\t\t\t<\/div><\/figure><figure class='gallery-item'>\n\t\t\t<div class='gallery-icon landscape'>\n\t\t\t\t<a href='https:\/\/www.marianske-lazne.de\/wp-content\/uploads\/2008\/10\/hotel_klinger.jpg'><img loading=\"lazy\" decoding=\"async\" width=\"300\" height=\"188\" src=\"https:\/\/www.marianske-lazne.de\/wp-content\/uploads\/2008\/10\/hotel_klinger-300x188.jpg\" class=\"attachment-medium size-medium\" alt=\"\" srcset=\"https:\/\/www.marianske-lazne.de\/wp-content\/uploads\/2008\/10\/hotel_klinger-300x188.jpg 300w, https:\/\/www.marianske-lazne.de\/wp-content\/uploads\/2008\/10\/hotel_klinger.jpg 579w\" sizes=\"auto, 100vw\" \/><\/a>\n\t\t\t<\/div><\/figure><figure class='gallery-item'>\n\t\t\t<div class='gallery-icon landscape'>\n\t\t\t\t<a href='https:\/\/www.marianske-lazne.de\/wp-content\/uploads\/2008\/10\/hotel_klinger2.jpg'><img loading=\"lazy\" decoding=\"async\" width=\"300\" height=\"192\" src=\"https:\/\/www.marianske-lazne.de\/wp-content\/uploads\/2008\/10\/hotel_klinger2-300x192.jpg\" class=\"attachment-medium size-medium\" alt=\"\" srcset=\"https:\/\/www.marianske-lazne.de\/wp-content\/uploads\/2008\/10\/hotel_klinger2-300x192.jpg 300w, https:\/\/www.marianske-lazne.de\/wp-content\/uploads\/2008\/10\/hotel_klinger2.jpg 542w\" sizes=\"auto, 100vw\" \/><\/a>\n\t\t\t<\/div><\/figure>\n\t\t<\/div>\n\n<p>Der Zustand dieser H\u00e4user war leider zum Teil bereits nach dem Krieg ziemlich desolat. Notwendige Reparaturen blieben aus, viele der H\u00e4user wurden mit St\u00fctzen bzw. zus\u00e4tzlichen Betonelementen in den Kellern gegen Einsturz gesichert. Einige standen auch schon leer, andere waren noch in Nutzung.<\/p>\n<p>Dazu gibt es eine Anekdote, die uns einmal eine Marienbader Stadtf\u00fchrerin erz\u00e4hlte:<\/p>\n<p><span style=\"color: #0000ff;\"><em>Eine \u00e4ltere Bewohnerin eines der Wohnh\u00e4user zwischen M\u00edrov\u00e9 n\u00e1m\u011bst\u00ed und Jugosl\u00e1vsk\u00e1 schlo\u00df eines Tages die T\u00fcr zu Bad und Toilette etwas kr\u00e4ftig und wunderte sich \u00fcber das seltsame Ger\u00e4usch, was darauf folgte. <\/em><\/span><br \/>\n<span style=\"color: #0000ff;\"><em><br \/>\nSie \u00f6ffnete die T\u00fcr erneut und:\u00a0 <strong>sah ins Freie!<\/strong><\/em><\/span><br \/>\n<span style=\"color: #0000ff;\"><em><br \/>\nFussboden und Aussenwand des Bades waren zusammengebrochen und lagen als Schutthaufen auf der Strasse. Nicht auszudenken, wenn das ein paar Minuten fr\u00fcher passiert w\u00e4re. \ud83d\ude2e<\/em><\/span><\/p>\n<p><span style=\"color: #0000ff;\"><em>Naja &#8211; eine Anekdote, aber durchaus plausibel&#8230;<\/em><\/span><\/p>\n<p>Der Stadtplan von Mari\u00e1nsk\u00e9 L\u00e1zn\u011b von Anfang der 80iger Jahre zeigt diese H\u00e4user noch, aber sie werden nicht mehr mit Hotelnamen etc. benannt:<\/p>\n<p><a href=\"https:\/\/www.marianske-lazne.de\/wp-content\/uploads\/2008\/10\/ausschnit_80iger.jpg\"><img loading=\"lazy\" decoding=\"async\" class=\"aligncenter size-full wp-image-888\" src=\"https:\/\/www.marianske-lazne.de\/wp-content\/uploads\/2008\/10\/ausschnit_80iger.jpg\" alt=\"\" width=\"516\" height=\"474\" srcset=\"https:\/\/www.marianske-lazne.de\/wp-content\/uploads\/2008\/10\/ausschnit_80iger.jpg 516w, https:\/\/www.marianske-lazne.de\/wp-content\/uploads\/2008\/10\/ausschnit_80iger-300x276.jpg 300w\" sizes=\"auto, (max-width: 516px) 100vw, 516px\" \/><\/a> <a href=\"https:\/\/www.marianske-lazne.de\/wp-content\/uploads\/2008\/10\/stadtplan_ML_80iger.jpg\"><img loading=\"lazy\" decoding=\"async\" class=\"aligncenter size-large wp-image-889\" src=\"https:\/\/www.marianske-lazne.de\/wp-content\/uploads\/2008\/10\/stadtplan_ML_80iger-897x1024.jpg\" alt=\"\" width=\"525\" height=\"599\" srcset=\"https:\/\/www.marianske-lazne.de\/wp-content\/uploads\/2008\/10\/stadtplan_ML_80iger-897x1024.jpg 897w, https:\/\/www.marianske-lazne.de\/wp-content\/uploads\/2008\/10\/stadtplan_ML_80iger-263x300.jpg 263w, https:\/\/www.marianske-lazne.de\/wp-content\/uploads\/2008\/10\/stadtplan_ML_80iger-768x876.jpg 768w\" sizes=\"auto, (max-width: 525px) 100vw, 525px\" \/><\/a><\/p>\n<p>Es wurde also beschlossen, diese H\u00e4user abzureissen, was dann in den Jahren 1977-1979 geschah.<\/p>\n<p>Geplant war, an dieser Stelle einen modernen Kur-Komplex aufzubauen, welches Platz f\u00fcr 900 Patienten bieten sollte.\u00a0 Auch der Name des Kurhotels stand bereits fest: ARNIKA.<\/p>\n<div>\n<div id='gallery-3' class='gallery galleryid-754 gallery-columns-1 gallery-size-large'><figure class='gallery-item'>\n\t\t\t<div class='gallery-icon landscape'>\n\t\t\t\t<a href='https:\/\/www.marianske-lazne.de\/wp-content\/uploads\/2008\/10\/arnika1-1.jpg'><img loading=\"lazy\" decoding=\"async\" width=\"525\" height=\"322\" src=\"https:\/\/www.marianske-lazne.de\/wp-content\/uploads\/2008\/10\/arnika1-1-1024x629.jpg\" class=\"attachment-large size-large\" alt=\"\" srcset=\"https:\/\/www.marianske-lazne.de\/wp-content\/uploads\/2008\/10\/arnika1-1-1024x629.jpg 1024w, https:\/\/www.marianske-lazne.de\/wp-content\/uploads\/2008\/10\/arnika1-1-300x184.jpg 300w, https:\/\/www.marianske-lazne.de\/wp-content\/uploads\/2008\/10\/arnika1-1-768x472.jpg 768w\" sizes=\"auto, 100vw\" \/><\/a>\n\t\t\t<\/div><\/figure><figure class='gallery-item'>\n\t\t\t<div class='gallery-icon landscape'>\n\t\t\t\t<a href='https:\/\/www.marianske-lazne.de\/wp-content\/uploads\/2008\/10\/arnika2-1.jpg'><img loading=\"lazy\" decoding=\"async\" width=\"525\" height=\"285\" src=\"https:\/\/www.marianske-lazne.de\/wp-content\/uploads\/2008\/10\/arnika2-1-1024x555.jpg\" class=\"attachment-large size-large\" alt=\"\" srcset=\"https:\/\/www.marianske-lazne.de\/wp-content\/uploads\/2008\/10\/arnika2-1-1024x555.jpg 1024w, https:\/\/www.marianske-lazne.de\/wp-content\/uploads\/2008\/10\/arnika2-1-300x162.jpg 300w, https:\/\/www.marianske-lazne.de\/wp-content\/uploads\/2008\/10\/arnika2-1-768x416.jpg 768w\" sizes=\"auto, 100vw\" \/><\/a>\n\t\t\t<\/div><\/figure>\n\t\t<\/div>\n\n<\/div>\n<div><\/div>\n<div>\n<p>Doch in den 80iger Jahren gerieten diese Pl\u00e4ne ins Stocken, wahrscheinlich fehlte neben der verf\u00fcgbaren Baukapazit\u00e4t wohl auch das n\u00f6tige Geld, denn\u00a0 die genauere Untersuchung des Baugrundes ergab aufgrund der vielen Marienbader Quellen einige geologische Besonderheiten, die zum einen wohl f\u00fcr den desolaten Zustand der fr\u00fcheren Geb\u00e4ude mitverantwortlich waren, zum anderen aber auch die veranschlagten Baukosten f\u00fcr das geplante Super-Hotel massiv in die H\u00f6he trieben.<\/p>\n<p>Und: es gab auch einige warnende Stimmen, die nicht ohne Grund bef\u00fcrchteten, dass der Bau dieses Hotel (und die damit verbundenen Tiefbauarbeiten) einen noch nicht abzusehenden Einflu\u00df auf die Quellen haben k\u00f6nnte&#8230;<\/p>\n<\/div>\n<p>Ausgerechnet im geschichtstr\u00e4chtigen Herbst 1989 gewannen die Pl\u00e4ne noch einmal an Gestalt. Am 09. November war feierliche Grundsteinlegung, und eine Baufirma aus Karlovy Vary begann mit ersten Arbeiten. Das Gesamtvolumen der Baukosten f\u00fcr das neue Hotel wurde in einem Zeitungsartikel mit unvorstellbaren <strong>657 Millionen\u00a0<\/strong><span class=\"st\"><strong>K\u010ds<\/strong> (ca. 220 Mio DDR-Mark) benannt!\u00a0<\/span><\/p>\n<p>Die Bauarbeiten wurden aber dann im Fr\u00fchjahr 1990 schnell beendet, die schweren Baumaschinen wurden abtransportiert und das Gel\u00e4nde mit einem Zaun abgesperrt.<\/p>\n<p>Sp\u00e4ter kamen noch zwei\u00a0 gro\u00dfe Tafeln hinzu, die den Besuchern der Kurstadt mehrsprachig erl\u00e4uterten, dass es sich hier um einen zuk\u00fcnftigen Bauplatz handelt und man sich f\u00fcr den jetzigen Zustand entschuldigt.<\/p>\n<p>Sie sind heute noch zu sehen:<\/p>\n<p><a href=\"https:\/\/www.marianske-lazne.de\/wp-content\/uploads\/2008\/10\/DSC0495_pfeil.jpg\"><img loading=\"lazy\" decoding=\"async\" class=\"aligncenter size-large wp-image-902\" src=\"https:\/\/www.marianske-lazne.de\/wp-content\/uploads\/2008\/10\/DSC0495_pfeil-1024x768.jpg\" alt=\"\" width=\"525\" height=\"394\" srcset=\"https:\/\/www.marianske-lazne.de\/wp-content\/uploads\/2008\/10\/DSC0495_pfeil-1024x768.jpg 1024w, https:\/\/www.marianske-lazne.de\/wp-content\/uploads\/2008\/10\/DSC0495_pfeil-300x225.jpg 300w, https:\/\/www.marianske-lazne.de\/wp-content\/uploads\/2008\/10\/DSC0495_pfeil-768x576.jpg 768w\" sizes=\"auto, (max-width: 525px) 100vw, 525px\" \/><\/a><\/p>\n<p><a href=\"https:\/\/www.marianske-lazne.de\/?p=756\">\u2192 weiter zum dritten Teil.<\/a><\/p>\n","protected":false},"excerpt":{"rendered":"<p>Der Erste Weltkrieg brachte einen herben Einschnitt in der bisherigen erfolgreichen Entwicklung des Kurbades, doch es trat recht schnell eine Erholung ein. Der Kurbetrieb lebte wieder auf, trotz Inflation stiegen die Besucherzahlen auf Vorkriegsniveau an und erreichten 1929 die bisher einmalige Rekordzahl von 41.226 Kurg\u00e4sten in einer Saison. Marienbad war zu dieser Zeit DAS angesagteste &hellip; <\/p>\n<p class=\"link-more\"><a href=\"https:\/\/www.marianske-lazne.de\/?p=754\" class=\"more-link\"><span class=\"screen-reader-text\">\u201e(2) Ausflug in die Geschichte von Mari\u00e1nsk\u00e9 L\u00e1zn\u011b\/Marienbad (1918 &#8211; 1990)\u201c <\/span>weiterlesen<\/a><\/p>\n","protected":false},"author":2,"featured_media":0,"comment_status":"closed","ping_status":"open","sticky":false,"template":"","format":"standard","meta":{"_monsterinsights_skip_tracking":false,"_monsterinsights_sitenote_active":false,"_monsterinsights_sitenote_note":"","_monsterinsights_sitenote_category":0,"footnotes":""},"categories":[9],"tags":[],"class_list":["post-754","post","type-post","status-publish","format-standard","hentry","category-historie"],"aioseo_notices":[],"_links":{"self":[{"href":"https:\/\/www.marianske-lazne.de\/index.php?rest_route=\/wp\/v2\/posts\/754","targetHints":{"allow":["GET"]}}],"collection":[{"href":"https:\/\/www.marianske-lazne.de\/index.php?rest_route=\/wp\/v2\/posts"}],"about":[{"href":"https:\/\/www.marianske-lazne.de\/index.php?rest_route=\/wp\/v2\/types\/post"}],"author":[{"embeddable":true,"href":"https:\/\/www.marianske-lazne.de\/index.php?rest_route=\/wp\/v2\/users\/2"}],"replies":[{"embeddable":true,"href":"https:\/\/www.marianske-lazne.de\/index.php?rest_route=%2Fwp%2Fv2%2Fcomments&post=754"}],"version-history":[{"count":24,"href":"https:\/\/www.marianske-lazne.de\/index.php?rest_route=\/wp\/v2\/posts\/754\/revisions"}],"predecessor-version":[{"id":2680,"href":"https:\/\/www.marianske-lazne.de\/index.php?rest_route=\/wp\/v2\/posts\/754\/revisions\/2680"}],"wp:attachment":[{"href":"https:\/\/www.marianske-lazne.de\/index.php?rest_route=%2Fwp%2Fv2%2Fmedia&parent=754"}],"wp:term":[{"taxonomy":"category","embeddable":true,"href":"https:\/\/www.marianske-lazne.de\/index.php?rest_route=%2Fwp%2Fv2%2Fcategories&post=754"},{"taxonomy":"post_tag","embeddable":true,"href":"https:\/\/www.marianske-lazne.de\/index.php?rest_route=%2Fwp%2Fv2%2Ftags&post=754"}],"curies":[{"name":"wp","href":"https:\/\/api.w.org\/{rel}","templated":true}]}}