{"id":119,"date":"2008-11-20T21:18:15","date_gmt":"2008-11-20T20:18:15","guid":{"rendered":"http:\/\/marianske-lazne.de\/?p=119"},"modified":"2018-10-30T19:43:15","modified_gmt":"2018-10-30T18:43:15","slug":"november-2008-kur-urlaub-im-hotel-olympia-marianske-lazne-marienbad","status":"publish","type":"post","link":"https:\/\/www.marianske-lazne.de\/?p=119","title":{"rendered":"November 2008: Kur-Urlaub im Hotel Olympia Mari\u00e1nsk\u00e9 L\u00e1zn\u011b (Marienbad)"},"content":{"rendered":"<p><span style=\"font-family: Verdana;\">Unser <a href=\"http:\/\/hist.marianske-lazne.de\/ger\/tree\/mb2008_1.html\">&#8222;Testwochenende&#8220;<\/a> im Februar 2008 im <a href=\"http:\/\/www.olympiamarienbad.cz\/introduction.php?lang=de\" target=\"_blank\" rel=\"noopener\">Kurhotel &#8222;Olympia&#8220;<\/a> war ja sehr zufriedenstellend ausgefallen, somit stand dem zweiw\u00f6chigen Kur-Urlaub in diesem Hotel nichts entgegen. Auch diesmal begleiteten uns Angelas Tante + Onkel Ingrid und Jochen aus Jena.<\/span><\/p>\n<p><span style=\"font-family: Verdana;\">Und nicht nur Marianske Lazne feierte 2008 ein <b>Jubil\u00e4um<\/b>: f\u00fcr uns war es die <b>zehnte Kur in Marianske Lazne<\/b>! Seit 1999 waren wir jedes Jahr zu einem ein- bis zweiw\u00f6chigem Aufenthalt hier zu Gast, und wir hoffen, diese sch\u00f6ne Tradition auch in Zukunft noch lange fortsetzen zu k\u00f6nnen.<\/span><!--more--><\/p>\n<table border=\"0\" width=\"100%\" cellspacing=\"0\" cellpadding=\"0\">\n<tbody>\n<tr>\n<td><center><a href=\"http:\/\/hist.marianske-lazne.de\/ger\/tree\/pictures\/mb2008_2\/ml2008_2_001.jpg\"><img loading=\"lazy\" decoding=\"async\" src=\"http:\/\/hist.marianske-lazne.de\/ger\/tree\/pictures\/mb2008_2\/ml2008_2_001k.jpg\" width=\"360\" height=\"270\" border=\"0\" \/><\/a><\/center><\/td>\n<td><center><a href=\"http:\/\/hist.marianske-lazne.de\/ger\/tree\/pictures\/mb2008_2\/ml2008_2_002.jpg\"><img loading=\"lazy\" decoding=\"async\" src=\"http:\/\/hist.marianske-lazne.de\/ger\/tree\/pictures\/mb2008_2\/ml2008_2_002k.jpg\" width=\"360\" height=\"270\" border=\"0\" \/><\/a><\/center><\/td>\n<\/tr>\n<tr>\n<td><\/td>\n<td><\/td>\n<\/tr>\n<tr>\n<td><center><a href=\"http:\/\/hist.marianske-lazne.de\/ger\/tree\/pictures\/mb2008_2\/ml2008_2_003.jpg\"><img loading=\"lazy\" decoding=\"async\" src=\"http:\/\/hist.marianske-lazne.de\/ger\/tree\/pictures\/mb2008_2\/ml2008_2_003k.jpg\" width=\"360\" height=\"270\" border=\"0\" \/><\/a><\/center><\/td>\n<td><center><a href=\"http:\/\/hist.marianske-lazne.de\/ger\/tree\/pictures\/mb2008_2\/ml2008_2_004.jpg\"><img loading=\"lazy\" decoding=\"async\" src=\"http:\/\/hist.marianske-lazne.de\/ger\/tree\/pictures\/mb2008_2\/ml2008_2_004k.jpg\" width=\"360\" height=\"270\" border=\"0\" \/><\/a><\/center><\/td>\n<\/tr>\n<tr>\n<td><center>\u00a0<\/center><\/td>\n<td><center>\u00a0<\/center><\/td>\n<\/tr>\n<tr>\n<td><center><a href=\"http:\/\/hist.marianske-lazne.de\/ger\/tree\/pictures\/mb2008_2\/ml2008_2_019.jpg\"><img loading=\"lazy\" decoding=\"async\" src=\"http:\/\/hist.marianske-lazne.de\/ger\/tree\/pictures\/mb2008_2\/ml2008_2_019k.jpg\" width=\"360\" height=\"270\" border=\"0\" \/><\/a><\/center><\/td>\n<td><center><a href=\"http:\/\/hist.marianske-lazne.de\/ger\/tree\/pictures\/mb2008_2\/ml2008_2_020.jpg\"><img loading=\"lazy\" decoding=\"async\" src=\"http:\/\/hist.marianske-lazne.de\/ger\/tree\/pictures\/mb2008_2\/ml2008_2_020k.jpg\" width=\"360\" height=\"270\" border=\"0\" \/><\/a><\/center><\/td>\n<\/tr>\n<tr>\n<td><center>\u00a0<\/center><\/td>\n<td><center>\u00a0<\/center><\/td>\n<\/tr>\n<\/tbody>\n<\/table>\n<p><center><a href=\"http:\/\/hist.marianske-lazne.de\/ger\/tree\/pictures\/mb2008_2\/bad1.jpg\"><img loading=\"lazy\" decoding=\"async\" src=\"http:\/\/hist.marianske-lazne.de\/ger\/tree\/pictures\/mb2008_2\/bad1k.jpg\" width=\"270\" height=\"405\" border=\"0\" \/><\/a><\/center><\/p>\n<table border=\"0\" width=\"100%\" cellspacing=\"0\" cellpadding=\"0\">\n<tbody>\n<tr>\n<td><center>\u00a0<\/center><\/td>\n<td><center>\u00a0<\/center><\/td>\n<\/tr>\n<tr>\n<td><center><a href=\"http:\/\/hist.marianske-lazne.de\/ger\/tree\/pictures\/mb2008_2\/ml2008_2_021.jpg\"><img loading=\"lazy\" decoding=\"async\" src=\"http:\/\/hist.marianske-lazne.de\/ger\/tree\/pictures\/mb2008_2\/ml2008_2_021k.jpg\" width=\"360\" height=\"270\" border=\"0\" \/><\/a><\/center><\/td>\n<td><center><a href=\"http:\/\/hist.marianske-lazne.de\/ger\/tree\/pictures\/mb2008_2\/ml2008_2_022.jpg\"><img loading=\"lazy\" decoding=\"async\" src=\"http:\/\/hist.marianske-lazne.de\/ger\/tree\/pictures\/mb2008_2\/ml2008_2_022k.jpg\" width=\"360\" height=\"270\" border=\"0\" \/><\/a><\/center><\/td>\n<\/tr>\n<tr>\n<td><center>\u00a0<\/center><\/td>\n<td><center>\u00a0<\/center><\/td>\n<\/tr>\n<tr>\n<td><center><a href=\"http:\/\/hist.marianske-lazne.de\/ger\/tree\/pictures\/mb2008_2\/ml2008_2_023.jpg\"><img loading=\"lazy\" decoding=\"async\" src=\"http:\/\/hist.marianske-lazne.de\/ger\/tree\/pictures\/mb2008_2\/ml2008_2_023k.jpg\" width=\"360\" height=\"270\" border=\"0\" \/><\/a><\/center><\/td>\n<td><center><a href=\"http:\/\/hist.marianske-lazne.de\/ger\/tree\/pictures\/mb2008_2\/ml2008_2_024.jpg\"><img loading=\"lazy\" decoding=\"async\" src=\"http:\/\/hist.marianske-lazne.de\/ger\/tree\/pictures\/mb2008_2\/ml2008_2_024k.jpg\" width=\"360\" height=\"270\" border=\"0\" \/><\/a><\/center><\/td>\n<\/tr>\n<tr>\n<td><center>\u00a0<\/center><\/td>\n<td><center>\u00a0<\/center><\/td>\n<\/tr>\n<tr>\n<td><center><a href=\"http:\/\/hist.marianske-lazne.de\/ger\/tree\/pictures\/mb2008_2\/ml2008_2_025.jpg\"><img loading=\"lazy\" decoding=\"async\" src=\"http:\/\/hist.marianske-lazne.de\/ger\/tree\/pictures\/mb2008_2\/ml2008_2_025k.jpg\" width=\"360\" height=\"270\" border=\"0\" \/><\/a><\/center><\/td>\n<td><center><a href=\"http:\/\/hist.marianske-lazne.de\/ger\/tree\/pictures\/mb2008_2\/ml2008_2_026.jpg\"><img loading=\"lazy\" decoding=\"async\" src=\"http:\/\/hist.marianske-lazne.de\/ger\/tree\/pictures\/mb2008_2\/ml2008_2_026k.jpg\" width=\"360\" height=\"270\" border=\"0\" \/><\/a><\/center><\/td>\n<\/tr>\n<tr>\n<td><center>\u00a0<\/center><\/td>\n<td><center>\u00a0<\/center><\/td>\n<\/tr>\n<tr>\n<td><center><a href=\"http:\/\/hist.marianske-lazne.de\/ger\/tree\/pictures\/mb2008_2\/ml2008_2_027.jpg\"><img loading=\"lazy\" decoding=\"async\" src=\"http:\/\/hist.marianske-lazne.de\/ger\/tree\/pictures\/mb2008_2\/ml2008_2_027k.jpg\" width=\"360\" height=\"270\" border=\"0\" \/><\/a><\/center><\/td>\n<td><center><a href=\"http:\/\/hist.marianske-lazne.de\/ger\/tree\/pictures\/mb2008_2\/ml2008_2_028.jpg\"><img loading=\"lazy\" decoding=\"async\" src=\"http:\/\/hist.marianske-lazne.de\/ger\/tree\/pictures\/mb2008_2\/ml2008_2_028k.jpg\" width=\"360\" height=\"270\" border=\"0\" \/><\/a><\/center><\/td>\n<\/tr>\n<tr>\n<td><center>\u00a0<\/center><\/td>\n<td><center>\u00a0<\/center><\/td>\n<\/tr>\n<tr>\n<td><center><a href=\"http:\/\/hist.marianske-lazne.de\/ger\/tree\/pictures\/mb2008_2\/ml2008_2_005.jpg\"><img loading=\"lazy\" decoding=\"async\" src=\"http:\/\/hist.marianske-lazne.de\/ger\/tree\/pictures\/mb2008_2\/ml2008_2_005k.jpg\" width=\"360\" height=\"270\" border=\"0\" \/><\/a><\/center><\/td>\n<td><center><a href=\"http:\/\/hist.marianske-lazne.de\/ger\/tree\/pictures\/mb2008_2\/ml2008_2_006.jpg\"><img loading=\"lazy\" decoding=\"async\" src=\"http:\/\/hist.marianske-lazne.de\/ger\/tree\/pictures\/mb2008_2\/ml2008_2_006k.jpg\" width=\"360\" height=\"270\" border=\"0\" \/><\/a><\/center><\/td>\n<\/tr>\n<tr>\n<td><\/td>\n<td><\/td>\n<\/tr>\n<tr>\n<td><center><a href=\"http:\/\/hist.marianske-lazne.de\/ger\/tree\/pictures\/mb2008_2\/ml2008_2_007.jpg\"><img loading=\"lazy\" decoding=\"async\" src=\"http:\/\/hist.marianske-lazne.de\/ger\/tree\/pictures\/mb2008_2\/ml2008_2_007k.jpg\" width=\"360\" height=\"270\" border=\"0\" \/><\/a><\/center><\/td>\n<td><center><a href=\"http:\/\/hist.marianske-lazne.de\/ger\/tree\/pictures\/mb2008_2\/ml2008_2_008.jpg\"><img loading=\"lazy\" decoding=\"async\" src=\"http:\/\/hist.marianske-lazne.de\/ger\/tree\/pictures\/mb2008_2\/ml2008_2_008k.jpg\" width=\"360\" height=\"270\" border=\"0\" \/><\/a><\/center><\/td>\n<\/tr>\n<tr>\n<td><\/td>\n<td><\/td>\n<\/tr>\n<\/tbody>\n<\/table>\n<p><span style=\"font-family: Verdana;\">Der positive Gesamteindruck setzte sich auch w\u00e4hrend unseres Aufenthaltes fort, bis auf wenige unbedeutende Kleinigkeiten gab es nichts auszusetzen. Die Unterkunft in den Standardzimmern ist absolut OK: gem\u00fctlich und praktisch, f\u00fcr zwei Personen ger\u00e4umig genug &#8211; einen Grossteil der Zeit am Tag verbringt man ja sowieso bei Behandlungen und Spazierg\u00e4ngen. Weiterer Pluspunkt aus unserer Sicht: kostenloser Internetzugang f\u00fcr alle Hotelg\u00e4ste &#8211; in der Lobby und einigen Zimmern in der N\u00e4he der Konferenzr\u00e4ume und B\u00fcros via WLAN, ansonsten \u00fcberall \u00fcber Kabel. Toll!<\/span><\/p>\n<p><span style=\"font-family: Verdana;\">Das Bad mit Dusche und WC ist sehr modern eingerichtet, Handt\u00fccher werden t\u00e4glich gewechselt, Badem\u00e4ntel und Bettw\u00e4sche w\u00f6chentlich.<\/span><\/p>\n<p><span style=\"font-family: Verdana;\">(Gelegentlich war es allerdings ein wenig laut: unsere Zimmer hatten die Fenster zur R\u00fcckseite des Hotels, und unter uns war der Wirtschaftseingang, wo dann schonmal ab 06:00 Uhr morgens oder noch fr\u00fcher Aktivit\u00e4t zu h\u00f6ren war. Dazu kam noch die gegen\u00fcberliegende Gastst\u00e4tte\/Bar MAUI LOUNGE, deren letzte G\u00e4ste am Wochenende kurz vor Sonnenaufgang nach Hause gingen.<\/span><br \/>\n<span style=\"font-family: Verdana;\">OK, zum Ausschlafen bis in den sp\u00e4ten Vormittag kommt man zur Kur sowieso nicht, denn die ersten Behandlungen beginnen schon um 07:00 Uhr. Aber vielleicht k\u00f6nnen wir ja diesem Manko beim n\u00e4chsten Mal durch gezielte Wahl des Zimmers etwas abhelfen.<\/span><br \/>\n<b><\/b><\/p>\n<p><b><span style=\"font-family: Verdana;\">Nachtrag vom 24.11.2008: das Hotel hat bereits reagiert und uns f\u00fcr unseren n\u00e4chsten Aufenthalt die Reservierung von Zimmern auf der anderen Seite des Hauses zugesichert. Prima Service!<\/span><\/b><\/p>\n<p><span style=\"font-family: Verdana;\">Hmm, und dann waren da noch die zeitweise recht nervigen Mitbewohner aus &#8211; NEIN, <u>nicht<\/u> aus Osteuropa, sondern aus <u>S\u00fcdwestdeutschland<\/u> (&#8222;Mir kennet oifach alles ausser hochdeitsch&#8220;), die das Hotelrestaurant wohl mit ihrer Dorfgastst\u00e4tte verwechselten, bereits bei der Anreise mehrere Tische zusammenr\u00fcckten + zu einer langen Tafel aufbauten und sich jeden Abend im Restaurant unbedingt quer durch den Saal hinweg lautstark unterhalten mussten. Einem dezenten Hinweis unsererseits, dass man doch auch mit ged\u00e4mpfter Lautst\u00e4rke sprechen k\u00f6nne, wurde mit Unverst\u00e4ndnis und bl\u00f6den Antworten begegnet.<\/span><br \/>\n<span style=\"font-family: Verdana;\">Kein weiterer Kommentar &#8211; wir sch\u00e4mten uns aber vor dem sehr netten tschechischen Servicepersonal ein bisschen f\u00fcr unsere deutschen Landsleute&#8230;)<\/span><\/p>\n<p><span style=\"font-family: Verdana;\">Doch zur\u00fcck zum Thema: besonders hervorheben m\u00f6chten wir den SPA-Bereich des Hotel OLYMPIA, ohne \u00dcbertreibung einer der besten, die wir in den vergangenen Jahren vorgefunden haben. Er ist freundlich und in warmen T\u00f6nen eingerichtet, ein Team von recht jungen Physiotherapeuten k\u00fcmmert sich liebevoll und sehr professionell um die Kurg\u00e4ste. Insgesamt geht es ruhig und entspannt zu, trotzdem hielten wir schon wenige Minuten nach der Eingangskonsultation beim Kurarzt unsere Behandlungspl\u00e4ne in der Hand. Apropos Kurarzt &#8211; einen &#8222;alten Bekannten&#8220; aus dem Kurhotel Nove Lazne (wir waren in den Jahren 2001-2004 dort) haben wir hier ebenfalls wiedergetroffen: <a href=\"https:\/\/www.danubiushotels.com\/de\/destinationen\/marienbad\/kur\/der-arzt-hat-das-wort\/dr-med-pavel-knara\" target=\"_blank\" rel=\"noopener\">Dr. Pavel Kn\u00e1ra<\/a>, seit einiger Zeit Chefarzt im OLYMPIA.<\/span><\/p>\n<p><span style=\"font-family: Verdana;\">Die verordneten Kuranwendungen &#8211; nat\u00fcrlich speziell auf die jeweiligen Indikationen und den gesundheitlichen Allgemeinzustand abgestimmt &#8211; sind von hoher Qualit\u00e4t, und bereits nach wenigen Tagen sp\u00fcrt man die ersten Wirkungen. Massagen, B\u00e4der, Gasinjektionen: alles das tr\u00e4gt zur Verbesserung der Gesundheit bei, vertreibt bzw. lindert Verspannungen und Schmerzen und hilft uns, die Zeit bis zur n\u00e4chsten Kur besser zu \u00fcberstehen.<\/span><\/p>\n<p><span style=\"font-family: Verdana;\">Auch die Gastronomie im OLYMPIA ist der Hotelkategorie angemessen: die z.T. negativen Anmerkungen, die wir bei <u><span style=\"color: #3333ff;\">holidaycheck.de<\/span><\/u> bzw. <u><span style=\"color: #3333ff;\">hotelbewertung.de<\/span><\/u> gelesen haben, k\u00f6nnen wir so nicht best\u00e4tigen. Das Fr\u00fchst\u00fccksbuffet ist sehr reichhaltig und bieten eine breite Auswahl f\u00fcr jeden Geschmack, und auch f\u00fcr sp\u00e4ter erscheindende G\u00e4ste (z.B. wegen Behandlungen am fr\u00fchen Morgen) ist stets das volle Sortiment verf\u00fcgbar.<\/span><br \/>\n<span style=\"font-family: Verdana;\">Ein Mittagessen war in unserem Pauschalangebot nicht eingeschlossen, deshalb k\u00f6nnen wir nur das Abendbuffet beurteilen. Doch auch hier gibt es aus unserer Sicht keinen Grund zur Kritik: ein breites Angebot, beginnend bei den Vorspeisen (2 Suppen, diverse Salate und liebevoll angerichtete Canapes) \u00fcber mehrere Hauptgerichte (t\u00e4glich jeweils Fleisch, Fisch, vegetarisch) mit frei w\u00e4hlbaren Beilagen. Und dann die Desserts: obwohl man ja eigentlich \ud83d\ude09 satt ist, so locken doch immer wieder die verf\u00fchrerischen s\u00fcssen Sachen der b\u00f6hmischen Zuckerb\u00e4cker.<\/span><\/p>\n<p><span style=\"font-family: Verdana;\">(Kleiner Hinweis zur Verbesserung &#8211; wir hatten dies auch schon auf unserem G\u00e4stefragebogen im Februar 2008 notiert: die Speisen am Buffet k\u00f6nnten durch kleine Schilder gekennzeichnet werden, das erspart die h\u00e4ufigen Fragen der G\u00e4ste an das Servicepersonal und verk\u00fcrzt die Wartezeit f\u00fcr alle.)<\/span><\/p>\n<p><span style=\"font-family: Verdana;\">Das Wetter zeigte sich \u00fcberwiegend von seiner positiven Seite. Mit Nebel usw. muss man im November nat\u00fcrlich immer mal rechnen, aber die Sonne hat meist noch Kraft genug, ihn im Laufe des Vormittags aufzul\u00f6sen, so dass f\u00fcr den Rest des Tages ausgezeichnete Bedingungen f\u00fcr Unternehmungen an der frischen Luft bestehen. Und solange es nicht Dauerregen gibt, kann man es mit der passenden Kleidung durchaus auch l\u00e4nger draussen aushalten.<\/span><\/p>\n<p>&nbsp;<\/p>\n<table border=\"0\" width=\"100%\" cellspacing=\"0\" cellpadding=\"0\">\n<tbody>\n<tr>\n<td><center><a href=\"http:\/\/hist.marianske-lazne.de\/ger\/tree\/pictures\/mb2008_2\/ml2008_2_013.jpg\"><img loading=\"lazy\" decoding=\"async\" src=\"http:\/\/hist.marianske-lazne.de\/ger\/tree\/pictures\/mb2008_2\/ml2008_2_013k.jpg\" width=\"360\" height=\"270\" border=\"0\" \/><\/a><\/center><\/td>\n<td><center><a href=\"http:\/\/hist.marianske-lazne.de\/ger\/tree\/pictures\/mb2008_2\/ml2008_2_014.jpg\"><img loading=\"lazy\" decoding=\"async\" src=\"http:\/\/hist.marianske-lazne.de\/ger\/tree\/pictures\/mb2008_2\/ml2008_2_014k.jpg\" width=\"360\" height=\"270\" border=\"0\" \/><\/a><\/center><\/td>\n<\/tr>\n<tr>\n<td><\/td>\n<td><\/td>\n<\/tr>\n<tr>\n<td><center><a href=\"http:\/\/hist.marianske-lazne.de\/ger\/tree\/pictures\/mb2008_2\/ml2008_2_015.jpg\"><img loading=\"lazy\" decoding=\"async\" src=\"http:\/\/hist.marianske-lazne.de\/ger\/tree\/pictures\/mb2008_2\/ml2008_2_015k.jpg\" width=\"360\" height=\"270\" border=\"0\" \/><\/a><\/center><\/td>\n<td><center><a href=\"http:\/\/hist.marianske-lazne.de\/ger\/tree\/pictures\/mb2008_2\/ml2008_2_016.jpg\"><img loading=\"lazy\" decoding=\"async\" src=\"http:\/\/hist.marianske-lazne.de\/ger\/tree\/pictures\/mb2008_2\/ml2008_2_016k.jpg\" width=\"360\" height=\"270\" border=\"0\" \/><\/a><\/center><\/td>\n<\/tr>\n<tr>\n<td><\/td>\n<td><\/td>\n<\/tr>\n<tr>\n<td><center><a href=\"http:\/\/hist.marianske-lazne.de\/ger\/tree\/pictures\/mb2008_2\/ml2008_2_017.jpg\"><img loading=\"lazy\" decoding=\"async\" src=\"http:\/\/hist.marianske-lazne.de\/ger\/tree\/pictures\/mb2008_2\/ml2008_2_017k.jpg\" width=\"360\" height=\"270\" border=\"0\" \/><\/a><\/center><\/td>\n<td><center><a href=\"http:\/\/hist.marianske-lazne.de\/ger\/tree\/pictures\/mb2008_2\/ml2008_2_018.jpg\"><img loading=\"lazy\" decoding=\"async\" src=\"http:\/\/hist.marianske-lazne.de\/ger\/tree\/pictures\/mb2008_2\/ml2008_2_018k.jpg\" width=\"360\" height=\"270\" border=\"0\" \/><\/a><\/center><\/td>\n<\/tr>\n<\/tbody>\n<\/table>\n<p><span style=\"font-family: Verdana;\">Auch in einer 200 Jahre alten Kurstadt wie Marianske Lazne ver\u00e4ndert sich st\u00e4ndig etwas: H\u00e4user werden renoviert, neue Hotels er\u00f6ffnet, Ferienwohnungen entsehen und so verbessert sich von Jahr zu Jahr das Angebot f\u00fcr die zahlreichen Kurg\u00e4ste.<\/span><\/p>\n<p>&nbsp;<\/p>\n<table border=\"0\" width=\"100%\" cellspacing=\"0\" cellpadding=\"0\">\n<tbody>\n<tr>\n<td><center><a href=\"http:\/\/hist.marianske-lazne.de\/ger\/tree\/pictures\/mb2008_2\/ml2008_2_009.jpg\"><img loading=\"lazy\" decoding=\"async\" src=\"http:\/\/hist.marianske-lazne.de\/ger\/tree\/pictures\/mb2008_2\/ml2008_2_009k.jpg\" width=\"360\" height=\"270\" border=\"0\" \/><\/a><\/center><\/td>\n<td><center><a href=\"http:\/\/hist.marianske-lazne.de\/ger\/tree\/pictures\/mb2008_2\/ml2008_2_010.jpg\"><img loading=\"lazy\" decoding=\"async\" src=\"http:\/\/hist.marianske-lazne.de\/ger\/tree\/pictures\/mb2008_2\/ml2008_2_010k.jpg\" width=\"360\" height=\"270\" border=\"0\" \/><\/a><\/center><\/td>\n<\/tr>\n<tr>\n<td><\/td>\n<td><\/td>\n<\/tr>\n<tr>\n<td><center><a href=\"http:\/\/hist.marianske-lazne.de\/ger\/tree\/pictures\/mb2008_2\/ml2008_2_011.jpg\"><img loading=\"lazy\" decoding=\"async\" src=\"http:\/\/hist.marianske-lazne.de\/ger\/tree\/pictures\/mb2008_2\/ml2008_2_011k.jpg\" width=\"360\" height=\"270\" border=\"0\" \/><\/a><\/center><\/td>\n<td><center><a href=\"http:\/\/hist.marianske-lazne.de\/ger\/tree\/pictures\/mb2008_2\/ml2008_2_012.jpg\"><img loading=\"lazy\" decoding=\"async\" src=\"http:\/\/hist.marianske-lazne.de\/ger\/tree\/pictures\/mb2008_2\/ml2008_2_012k.jpg\" width=\"360\" height=\"270\" border=\"0\" \/><\/a><\/center><\/td>\n<\/tr>\n<\/tbody>\n<\/table>\n<p><span style=\"font-family: Verdana;\">Nach den Behandlungen, die meistens gegen Mittag\/am fr\u00fchen Nachmittag abgeschlossen waren, ergab sich wieder Gelegenheit zu Wanderungen und Ausfl\u00fcgen in die n\u00e4here und weitere Umgebung.<\/span><\/p>\n<p><span style=\"font-family: Verdana;\">Diesmal hatten wir uns mal wieder ein paar neue Ziele ausgesucht: eine Wanderung f\u00fchrte uns zum &#8222;K\u00f6nig der Fichten&#8220; (<a href=\"http:\/\/cs.wikipedia.org\/wiki\/Kr%C3%A1l_smrk%C5%AF_%28Mari%C3%A1nsk%C3%A9_L%C3%A1zn%C4%9B%29\" target=\"_blank\" rel=\"noopener\">Kral smrku<\/a>) im Kaiserwald. In der Nacht hatte es leichten Frost gegeben,<\/span><\/p>\n<p>&nbsp;<\/p>\n<table border=\"0\" width=\"100%\" cellspacing=\"0\" cellpadding=\"0\">\n<tbody>\n<tr>\n<td><center><a href=\"http:\/\/hist.marianske-lazne.de\/ger\/tree\/pictures\/mb2008_2\/ml2008_2_029.jpg\"><img loading=\"lazy\" decoding=\"async\" src=\"http:\/\/hist.marianske-lazne.de\/ger\/tree\/pictures\/mb2008_2\/ml2008_2_029k.jpg\" width=\"360\" height=\"270\" border=\"0\" \/><\/a><\/center><\/td>\n<td><center><a href=\"http:\/\/hist.marianske-lazne.de\/ger\/tree\/pictures\/mb2008_2\/ml2008_2_030.jpg\"><img loading=\"lazy\" decoding=\"async\" src=\"http:\/\/hist.marianske-lazne.de\/ger\/tree\/pictures\/mb2008_2\/ml2008_2_030k.jpg\" width=\"360\" height=\"270\" border=\"0\" \/><\/a><\/center><\/td>\n<\/tr>\n<\/tbody>\n<\/table>\n<p><span style=\"font-family: Verdana;\">und so ging es durch helle und dunkle W\u00e4lder<\/span><\/p>\n<p>&nbsp;<\/p>\n<table border=\"0\" width=\"100%\" cellspacing=\"0\" cellpadding=\"0\">\n<tbody>\n<tr>\n<td><center><a href=\"http:\/\/hist.marianske-lazne.de\/ger\/tree\/pictures\/mb2008_2\/ml2008_2_031.jpg\"><img loading=\"lazy\" decoding=\"async\" src=\"http:\/\/hist.marianske-lazne.de\/ger\/tree\/pictures\/mb2008_2\/ml2008_2_031k.jpg\" width=\"360\" height=\"270\" border=\"0\" \/><\/a><\/center><\/td>\n<td><center><a href=\"http:\/\/hist.marianske-lazne.de\/ger\/tree\/pictures\/mb2008_2\/ml2008_2_032.jpg\"><img loading=\"lazy\" decoding=\"async\" src=\"http:\/\/hist.marianske-lazne.de\/ger\/tree\/pictures\/mb2008_2\/ml2008_2_032k.jpg\" width=\"360\" height=\"270\" border=\"0\" \/><\/a><\/center><\/td>\n<\/tr>\n<\/tbody>\n<\/table>\n<p><span style=\"font-family: Verdana;\">zu unserem Ziel &#8211; etwa 3 km vom Stadtzentrum Marianske Lazne entfernt: dem K\u00f6nig der Fichten.<\/span><\/p>\n<p><span style=\"font-family: Verdana;\">Um es vorweg zu nehmen: ein wenig entt\u00e4uscht waren wir schon. Nach den Beschreibungen hatten wir wohl etwas \u00e4hnlich gigantisches wie <a href=\"http:\/\/upload.wikimedia.org\/wikipedia\/commons\/5\/56\/General_Grant_Tree_in_Kings_Canyon_National_Park.jpg\" target=\"_blank\" rel=\"noopener\">das hier<\/a> erwartet <i>(Bild:General Grant Tree, Quelle: wikipedia.de)<\/i><\/span><\/p>\n<p><center><a href=\"http:\/\/upload.wikimedia.org\/wikipedia\/commons\/5\/56\/General_Grant_Tree_in_Kings_Canyon_National_Park.jpg\" target=\"blank\"><img loading=\"lazy\" decoding=\"async\" src=\"http:\/\/upload.wikimedia.org\/wikipedia\/commons\/thumb\/5\/56\/General_Grant_Tree_in_Kings_Canyon_National_Park.jpg\/180px-General_Grant_Tree_in_Kings_Canyon_National_Park.jpg\" width=\"180\" height=\"526\" border=\"0\" \/><\/a><\/center><span style=\"font-family: Verdana;\">Allerdings fanden wir folgendes vor:<\/span><\/p>\n<p><center><a href=\"http:\/\/hist.marianske-lazne.de\/ger\/tree\/pictures\/mb2008_2\/ml2008_2_033.jpg\"><img loading=\"lazy\" decoding=\"async\" src=\"http:\/\/hist.marianske-lazne.de\/ger\/tree\/pictures\/mb2008_2\/ml2008_2_033k.jpg\" width=\"360\" height=\"270\" border=\"0\" \/><\/a><\/center>&nbsp;<\/p>\n<table border=\"0\" width=\"100%\" cellspacing=\"0\" cellpadding=\"0\">\n<tbody>\n<tr>\n<td><center><a href=\"http:\/\/hist.marianske-lazne.de\/ger\/tree\/pictures\/mb2008_2\/ml2008_2_035.jpg\"><img loading=\"lazy\" decoding=\"async\" src=\"http:\/\/hist.marianske-lazne.de\/ger\/tree\/pictures\/mb2008_2\/ml2008_2_035k.jpg\" width=\"360\" height=\"270\" border=\"0\" \/><\/a><\/center><\/td>\n<td><center><a href=\"http:\/\/hist.marianske-lazne.de\/ger\/tree\/pictures\/mb2008_2\/ml2008_2_036.jpg\"><img loading=\"lazy\" decoding=\"async\" src=\"http:\/\/hist.marianske-lazne.de\/ger\/tree\/pictures\/mb2008_2\/ml2008_2_036k.jpg\" width=\"360\" height=\"270\" border=\"0\" \/><\/a><\/center><\/td>\n<\/tr>\n<tr>\n<td><\/td>\n<td><\/td>\n<\/tr>\n<tr>\n<td><center><a href=\"http:\/\/hist.marianske-lazne.de\/ger\/tree\/pictures\/mb2008_2\/ml2008_2_034.jpg\"><img loading=\"lazy\" decoding=\"async\" src=\"http:\/\/hist.marianske-lazne.de\/ger\/tree\/pictures\/mb2008_2\/ml2008_2_034k.jpg\" width=\"360\" height=\"270\" border=\"0\" \/><\/a><\/center><\/td>\n<td><center><a href=\"http:\/\/hist.marianske-lazne.de\/ger\/tree\/pictures\/mb2008_2\/ml2008_2_037.jpg\"><img loading=\"lazy\" decoding=\"async\" src=\"http:\/\/hist.marianske-lazne.de\/ger\/tree\/pictures\/mb2008_2\/ml2008_2_037k.jpg\" width=\"360\" height=\"270\" border=\"0\" \/><\/a><\/center><\/td>\n<\/tr>\n<\/tbody>\n<\/table>\n<p><span style=\"font-family: Verdana;\">OK, der Baum ist knapp 200 Jahre alt, und der Umfang in Brusth\u00f6he betr\u00e4gt mehr als 4m, aber wir hatten uns aufgrund der Skizzen im Reisef\u00fchrer (Bilder hatten wir vorher keine gesehen&#8230;) etwas anderes vorgestellt. Doch was soll&#8217;s &#8211; der Spaziergang an der frischen Herbstluft war trotzdem sch\u00f6n&#8230;<\/span><\/p>\n<p><span style=\"font-family: Verdana;\">Ein anderer Ausflug (allerdings zum Teil mit dem Auto) ging in den Karlsbader Kreis hinauf. Das erste Ziel: Schloss Mostov, zwischen Cheb und Sokolov gelegen. Es geh\u00f6rte fr\u00fcher der Familie Haas, einer der Eigent\u00fcmer der Porzellanfabrik Haas &amp; Czjzek in Horn\u00ed Slavkov, die seit einigen Jahren R\u00e4ume des Schlosses f\u00fcr ihr firmeneigenes Museum nutzt. Sehr bemerkenswert die sehr gut erhaltenen Kachel\u00f6fen sowie die Mosaikfenster, sowohl in der Schlosskapelle als auch im Treppenhaus des Schlosses, hier allerdings mit Jugendstil-Motiven.<\/span><\/p>\n<p>&nbsp;<\/p>\n<table border=\"0\" width=\"100%\" cellspacing=\"0\" cellpadding=\"0\">\n<tbody>\n<tr>\n<td><center><a href=\"http:\/\/hist.marianske-lazne.de\/ger\/tree\/pictures\/mb2008_2\/ml2008_2_038.jpg\"><img loading=\"lazy\" decoding=\"async\" src=\"http:\/\/hist.marianske-lazne.de\/ger\/tree\/pictures\/mb2008_2\/ml2008_2_038k.jpg\" width=\"360\" height=\"270\" border=\"0\" \/><\/a><\/center><\/td>\n<td><center><a href=\"http:\/\/hist.marianske-lazne.de\/ger\/tree\/pictures\/mb2008_2\/ml2008_2_039.jpg\"><img loading=\"lazy\" decoding=\"async\" src=\"http:\/\/hist.marianske-lazne.de\/ger\/tree\/pictures\/mb2008_2\/ml2008_2_039k.jpg\" width=\"360\" height=\"270\" border=\"0\" \/><\/a><\/center><\/td>\n<\/tr>\n<tr>\n<td><\/td>\n<td><\/td>\n<\/tr>\n<tr>\n<td><center><a href=\"http:\/\/hist.marianske-lazne.de\/ger\/tree\/pictures\/mb2008_2\/ml2008_2_040.jpg\"><img loading=\"lazy\" decoding=\"async\" src=\"http:\/\/hist.marianske-lazne.de\/ger\/tree\/pictures\/mb2008_2\/ml2008_2_040k.jpg\" width=\"360\" height=\"270\" border=\"0\" \/><\/a><\/center><\/td>\n<td><center><a href=\"http:\/\/hist.marianske-lazne.de\/ger\/tree\/pictures\/mb2008_2\/ml2008_2_041.jpg\"><img loading=\"lazy\" decoding=\"async\" src=\"http:\/\/hist.marianske-lazne.de\/ger\/tree\/pictures\/mb2008_2\/ml2008_2_041k.jpg\" width=\"360\" height=\"270\" border=\"0\" \/><\/a><\/center><\/td>\n<\/tr>\n<tr>\n<td><\/td>\n<td><\/td>\n<\/tr>\n<tr>\n<td><center><a href=\"http:\/\/hist.marianske-lazne.de\/ger\/tree\/pictures\/mb2008_2\/ml2008_2_042.jpg\"><img loading=\"lazy\" decoding=\"async\" src=\"http:\/\/hist.marianske-lazne.de\/ger\/tree\/pictures\/mb2008_2\/ml2008_2_042k.jpg\" width=\"360\" height=\"270\" border=\"0\" \/><\/a><\/center><\/td>\n<td><center><a href=\"http:\/\/hist.marianske-lazne.de\/ger\/tree\/pictures\/mb2008_2\/ml2008_2_043.jpg\"><img loading=\"lazy\" decoding=\"async\" src=\"http:\/\/hist.marianske-lazne.de\/ger\/tree\/pictures\/mb2008_2\/ml2008_2_043k.jpg\" width=\"360\" height=\"270\" border=\"0\" \/><\/a><\/center><\/td>\n<\/tr>\n<tr>\n<td><\/td>\n<td><\/td>\n<\/tr>\n<tr>\n<td><center><a href=\"http:\/\/hist.marianske-lazne.de\/ger\/tree\/pictures\/mb2008_2\/ml2008_2_044.jpg\"><img loading=\"lazy\" decoding=\"async\" src=\"http:\/\/hist.marianske-lazne.de\/ger\/tree\/pictures\/mb2008_2\/ml2008_2_044k.jpg\" width=\"360\" height=\"270\" border=\"0\" \/><\/a><\/center><\/td>\n<td><center><a href=\"http:\/\/hist.marianske-lazne.de\/ger\/tree\/pictures\/mb2008_2\/ml2008_2_045.jpg\"><img loading=\"lazy\" decoding=\"async\" src=\"http:\/\/hist.marianske-lazne.de\/ger\/tree\/pictures\/mb2008_2\/ml2008_2_045k.jpg\" width=\"360\" height=\"270\" border=\"0\" \/><\/a><\/center><\/td>\n<\/tr>\n<\/tbody>\n<\/table>\n<p><span style=\"font-family: Verdana;\">Von Mostov ging der Weg weiter nach Chlum Svat\u00e9 Mar\u00ed (Maria Kulm), wo sich eine barocke Wallfahrtskirche aus dem 17. Jahrhundert befindet. Leider war die Kirche zum Zeitpunkt unseres Besuches geschlossen. Schade!<\/span><\/p>\n<p><center><a href=\"http:\/\/hist.marianske-lazne.de\/ger\/tree\/pictures\/mb2008_2\/ml2008_2_046.jpg\"><img loading=\"lazy\" decoding=\"async\" src=\"http:\/\/hist.marianske-lazne.de\/ger\/tree\/pictures\/mb2008_2\/ml2008_2_046k.jpg\" width=\"360\" height=\"270\" border=\"0\" \/><\/a><\/center>&nbsp;<\/p>\n<table border=\"0\" width=\"100%\" cellspacing=\"0\" cellpadding=\"0\">\n<tbody>\n<tr>\n<td><center><a href=\"http:\/\/hist.marianske-lazne.de\/ger\/tree\/pictures\/mb2008_2\/ml2008_2_047.jpg\"><img loading=\"lazy\" decoding=\"async\" src=\"http:\/\/hist.marianske-lazne.de\/ger\/tree\/pictures\/mb2008_2\/ml2008_2_047k.jpg\" width=\"360\" height=\"270\" border=\"0\" \/><\/a><\/center><\/td>\n<td><center><a href=\"http:\/\/hist.marianske-lazne.de\/ger\/tree\/pictures\/mb2008_2\/ml2008_2_048.jpg\"><img loading=\"lazy\" decoding=\"async\" src=\"http:\/\/hist.marianske-lazne.de\/ger\/tree\/pictures\/mb2008_2\/ml2008_2_048k.jpg\" width=\"360\" height=\"270\" border=\"0\" \/><\/a><\/center><\/td>\n<\/tr>\n<\/tbody>\n<\/table>\n<p><center><a href=\"http:\/\/hist.marianske-lazne.de\/ger\/tree\/pictures\/mb2008_2\/ml2008_2_049.jpg\"><img loading=\"lazy\" decoding=\"async\" src=\"http:\/\/hist.marianske-lazne.de\/ger\/tree\/pictures\/mb2008_2\/ml2008_2_049k.jpg\" width=\"360\" height=\"270\" border=\"0\" \/><\/a><\/center><span style=\"font-family: Verdana;\">N\u00e4chste Station unserer Tour: Kr\u00e1sno nad Teplou (Sch\u00f6nfeld). In der N\u00e4he dieser Stadt gibt es einen sehr interessanten Aussichtsturm, der in den 30iger Jahren des vergangenen Jahrhunderts entstand und im Gegensatz zu vergleichbaren T\u00fcrmen eine steinerne Aussentreppe hat. Von hier oben hat man einen herrlichen Blick \u00fcber den Slavkovsk\u00fd les (Kaiserwald) sowie in Richtung Erzgebirge.<\/span><br \/>\n<span style=\"font-family: Verdana;\">Hier auf der offiziellen Webseite der Stadt Kr\u00e1sno gibt es eine tolle <a href=\"http:\/\/www.panoramaticke-fotografie.cz\/pano.php?lang=cs&amp;skin=default_pano&amp;web=krasno&amp;pano=pano_NDA%3D\" target=\"_blank\" rel=\"noopener\">Panoramaansicht<\/a>.<\/span><\/p>\n<p>&nbsp;<\/p>\n<table border=\"0\" width=\"100%\" cellspacing=\"0\" cellpadding=\"0\">\n<tbody>\n<tr>\n<td><center><a href=\"http:\/\/hist.marianske-lazne.de\/ger\/tree\/pictures\/mb2008_2\/ml2008_2_050.jpg\"><img loading=\"lazy\" decoding=\"async\" src=\"http:\/\/hist.marianske-lazne.de\/ger\/tree\/pictures\/mb2008_2\/ml2008_2_050k.jpg\" width=\"360\" height=\"270\" border=\"0\" \/><\/a><\/center><\/td>\n<td><center><a href=\"http:\/\/hist.marianske-lazne.de\/ger\/tree\/pictures\/mb2008_2\/ml2008_2_051.jpg\"><img loading=\"lazy\" decoding=\"async\" src=\"http:\/\/hist.marianske-lazne.de\/ger\/tree\/pictures\/mb2008_2\/ml2008_2_051k.jpg\" width=\"360\" height=\"270\" border=\"0\" \/><\/a><\/center><\/td>\n<\/tr>\n<tr>\n<td><\/td>\n<td><\/td>\n<\/tr>\n<tr>\n<td><center><a href=\"http:\/\/hist.marianske-lazne.de\/ger\/tree\/pictures\/mb2008_2\/ml2008_2_052.jpg\"><img loading=\"lazy\" decoding=\"async\" src=\"http:\/\/hist.marianske-lazne.de\/ger\/tree\/pictures\/mb2008_2\/ml2008_2_052k.jpg\" width=\"360\" height=\"270\" border=\"0\" \/><\/a><\/center><\/td>\n<td><center><a href=\"http:\/\/hist.marianske-lazne.de\/ger\/tree\/pictures\/mb2008_2\/ml2008_2_053.jpg\"><img loading=\"lazy\" decoding=\"async\" src=\"http:\/\/hist.marianske-lazne.de\/ger\/tree\/pictures\/mb2008_2\/ml2008_2_053k.jpg\" width=\"360\" height=\"270\" border=\"0\" \/><\/a><\/center><\/td>\n<\/tr>\n<\/tbody>\n<\/table>\n<p><span style=\"font-family: Verdana;\">Und auch in diesem Jahr begegneten wir wieder dem Winter in Marianske Lazne:<\/span><\/p>\n<p>&nbsp;<\/p>\n<table border=\"0\" width=\"100%\" cellspacing=\"0\" cellpadding=\"0\">\n<tbody>\n<tr>\n<td><center><a href=\"http:\/\/hist.marianske-lazne.de\/ger\/tree\/pictures\/mb2008_2\/ml2008_2_054.jpg\"><img loading=\"lazy\" decoding=\"async\" src=\"http:\/\/hist.marianske-lazne.de\/ger\/tree\/pictures\/mb2008_2\/ml2008_2_054k.jpg\" width=\"360\" height=\"270\" border=\"0\" \/><\/a><\/center><\/td>\n<td><center><a href=\"http:\/\/hist.marianske-lazne.de\/ger\/tree\/pictures\/mb2008_2\/ml2008_2_055.jpg\"><img loading=\"lazy\" decoding=\"async\" src=\"http:\/\/hist.marianske-lazne.de\/ger\/tree\/pictures\/mb2008_2\/ml2008_2_055k.jpg\" width=\"360\" height=\"270\" border=\"0\" \/><\/a><\/center><\/td>\n<\/tr>\n<tr>\n<td><\/td>\n<td><\/td>\n<\/tr>\n<tr>\n<td><center><a href=\"http:\/\/hist.marianske-lazne.de\/ger\/tree\/pictures\/mb2008_2\/ml2008_2_056.jpg\"><img loading=\"lazy\" decoding=\"async\" src=\"http:\/\/hist.marianske-lazne.de\/ger\/tree\/pictures\/mb2008_2\/ml2008_2_056k.jpg\" width=\"360\" height=\"270\" border=\"0\" \/><\/a><\/center><\/td>\n<td><center><a href=\"http:\/\/hist.marianske-lazne.de\/ger\/tree\/pictures\/mb2008_2\/ml2008_2_057.jpg\"><img loading=\"lazy\" decoding=\"async\" src=\"http:\/\/hist.marianske-lazne.de\/ger\/tree\/pictures\/mb2008_2\/ml2008_2_057k.jpg\" width=\"360\" height=\"270\" border=\"0\" \/><\/a><\/center><\/td>\n<\/tr>\n<tr>\n<td><\/td>\n<td><\/td>\n<\/tr>\n<tr>\n<td><center><a href=\"http:\/\/hist.marianske-lazne.de\/ger\/tree\/pictures\/mb2008_2\/ml2008_2_058.jpg\"><img loading=\"lazy\" decoding=\"async\" src=\"http:\/\/hist.marianske-lazne.de\/ger\/tree\/pictures\/mb2008_2\/ml2008_2_058k.jpg\" width=\"360\" height=\"270\" border=\"0\" \/><\/a><\/center><\/td>\n<td><center><a href=\"http:\/\/hist.marianske-lazne.de\/ger\/tree\/pictures\/mb2008_2\/ml2008_2_059.jpg\"><img loading=\"lazy\" decoding=\"async\" src=\"http:\/\/hist.marianske-lazne.de\/ger\/tree\/pictures\/mb2008_2\/ml2008_2_059k.jpg\" width=\"360\" height=\"270\" border=\"0\" \/><\/a><\/center><\/td>\n<\/tr>\n<\/tbody>\n<\/table>\n<p>&nbsp;<\/p>\n","protected":false},"excerpt":{"rendered":"<p>Unser &#8222;Testwochenende&#8220; im Februar 2008 im Kurhotel &#8222;Olympia&#8220; war ja sehr zufriedenstellend ausgefallen, somit stand dem zweiw\u00f6chigen Kur-Urlaub in diesem Hotel nichts entgegen. Auch diesmal begleiteten uns Angelas Tante + Onkel Ingrid und Jochen aus Jena. Und nicht nur Marianske Lazne feierte 2008 ein Jubil\u00e4um: f\u00fcr uns war es die zehnte Kur in Marianske Lazne! &hellip; <\/p>\n<p class=\"link-more\"><a href=\"https:\/\/www.marianske-lazne.de\/?p=119\" class=\"more-link\"><span class=\"screen-reader-text\">\u201eNovember 2008: Kur-Urlaub im Hotel Olympia Mari\u00e1nsk\u00e9 L\u00e1zn\u011b (Marienbad)\u201c <\/span>weiterlesen<\/a><\/p>\n","protected":false},"author":1,"featured_media":0,"comment_status":"open","ping_status":"open","sticky":false,"template":"","format":"standard","meta":{"_monsterinsights_skip_tracking":false,"_monsterinsights_sitenote_active":false,"_monsterinsights_sitenote_note":"","_monsterinsights_sitenote_category":0,"footnotes":""},"categories":[3],"tags":[],"class_list":["post-119","post","type-post","status-publish","format-standard","hentry","category-kuraufenthalte-in-marianske-lazne"],"aioseo_notices":[],"_links":{"self":[{"href":"https:\/\/www.marianske-lazne.de\/index.php?rest_route=\/wp\/v2\/posts\/119","targetHints":{"allow":["GET"]}}],"collection":[{"href":"https:\/\/www.marianske-lazne.de\/index.php?rest_route=\/wp\/v2\/posts"}],"about":[{"href":"https:\/\/www.marianske-lazne.de\/index.php?rest_route=\/wp\/v2\/types\/post"}],"author":[{"embeddable":true,"href":"https:\/\/www.marianske-lazne.de\/index.php?rest_route=\/wp\/v2\/users\/1"}],"replies":[{"embeddable":true,"href":"https:\/\/www.marianske-lazne.de\/index.php?rest_route=%2Fwp%2Fv2%2Fcomments&post=119"}],"version-history":[{"count":6,"href":"https:\/\/www.marianske-lazne.de\/index.php?rest_route=\/wp\/v2\/posts\/119\/revisions"}],"predecessor-version":[{"id":1200,"href":"https:\/\/www.marianske-lazne.de\/index.php?rest_route=\/wp\/v2\/posts\/119\/revisions\/1200"}],"wp:attachment":[{"href":"https:\/\/www.marianske-lazne.de\/index.php?rest_route=%2Fwp%2Fv2%2Fmedia&parent=119"}],"wp:term":[{"taxonomy":"category","embeddable":true,"href":"https:\/\/www.marianske-lazne.de\/index.php?rest_route=%2Fwp%2Fv2%2Fcategories&post=119"},{"taxonomy":"post_tag","embeddable":true,"href":"https:\/\/www.marianske-lazne.de\/index.php?rest_route=%2Fwp%2Fv2%2Ftags&post=119"}],"curies":[{"name":"wp","href":"https:\/\/api.w.org\/{rel}","templated":true}]}}