{"id":756,"date":"2008-10-22T13:05:53","date_gmt":"2008-10-22T11:05:53","guid":{"rendered":"https:\/\/www.marianske-lazne.de\/?p=756"},"modified":"2020-04-29T10:00:04","modified_gmt":"2020-04-29T08:00:04","slug":"ein-kleiner-ausflug-in-die-geschichte-von-marianske-laznemarienbad-teil-3","status":"publish","type":"post","link":"http:\/\/www.marianske-lazne.de\/?p=756","title":{"rendered":"(3) Ausflug in die Geschichte von Mari\u00e1nsk\u00e9 L\u00e1zn\u011b\/Marienbad &#8211; Kuraufenthalte von Onkel Conrad Burgold"},"content":{"rendered":"<p>Wie bereits im zweiten Teil erw\u00e4hnt, hatte unser Onkel Conrad Burgold das Gl\u00fcck, mehrfach zu einem Kuraufenthalt nach Mari\u00e1nsk\u00e9 L\u00e1zn\u011b\/Marienbad zu reisen.<br \/>\nEin paar Erinnerungsbilder von seinen Aufenthalten aus den Jahren 1962 oder 1963 (l\u00e4sst sich leider nicht mehr ganz genau spezifizieren) gibt es hier im dritten Teil unserer kleinen historischen Betrachtung.<\/p>\n<figure id=\"attachment_692\" aria-describedby=\"caption-attachment-692\" style=\"width: 525px\" class=\"wp-caption aligncenter\"><a href=\"https:\/\/www.marianske-lazne.de\/wp-content\/uploads\/2017\/10\/centralni_lazne1.jpg\"><img loading=\"lazy\" decoding=\"async\" class=\"wp-image-692 size-large\" src=\"https:\/\/www.marianske-lazne.de\/wp-content\/uploads\/2017\/10\/centralni_lazne1-666x1024.jpg\" alt=\"\" width=\"525\" height=\"807\" srcset=\"http:\/\/www.marianske-lazne.de\/wp-content\/uploads\/2017\/10\/centralni_lazne1-666x1024.jpg 666w, http:\/\/www.marianske-lazne.de\/wp-content\/uploads\/2017\/10\/centralni_lazne1-195x300.jpg 195w, http:\/\/www.marianske-lazne.de\/wp-content\/uploads\/2017\/10\/centralni_lazne1.jpg 768w\" sizes=\"auto, (max-width: 525px) 100vw, 525px\" \/><\/a><figcaption id=\"caption-attachment-692\" class=\"wp-caption-text\">Das Centr\u00e1ln\u00ed L\u00e1zn\u011b<\/figcaption><\/figure>\n<figure id=\"attachment_693\" aria-describedby=\"caption-attachment-693\" style=\"width: 525px\" class=\"wp-caption aligncenter\"><a href=\"https:\/\/www.marianske-lazne.de\/wp-content\/uploads\/2017\/10\/centralni_lazne2.jpg\"><img loading=\"lazy\" decoding=\"async\" class=\"wp-image-693 size-large\" src=\"https:\/\/www.marianske-lazne.de\/wp-content\/uploads\/2017\/10\/centralni_lazne2-657x1024.jpg\" alt=\"\" width=\"525\" height=\"818\" srcset=\"http:\/\/www.marianske-lazne.de\/wp-content\/uploads\/2017\/10\/centralni_lazne2-657x1024.jpg 657w, http:\/\/www.marianske-lazne.de\/wp-content\/uploads\/2017\/10\/centralni_lazne2-192x300.jpg 192w, http:\/\/www.marianske-lazne.de\/wp-content\/uploads\/2017\/10\/centralni_lazne2.jpg 736w\" sizes=\"auto, (max-width: 525px) 100vw, 525px\" \/><\/a><figcaption id=\"caption-attachment-693\" class=\"wp-caption-text\">Elfriede und Conrad Burgold\u00a0 (die Ehefrau durfte mal am Wochenende zu Besuch kommen)<\/figcaption><\/figure>\n<figure id=\"attachment_695\" aria-describedby=\"caption-attachment-695\" style=\"width: 525px\" class=\"wp-caption aligncenter\"><a href=\"https:\/\/www.marianske-lazne.de\/wp-content\/uploads\/2017\/10\/cristal_palace.jpg\"><img loading=\"lazy\" decoding=\"async\" class=\"wp-image-695 size-large\" src=\"https:\/\/www.marianske-lazne.de\/wp-content\/uploads\/2017\/10\/cristal_palace-1024x692.jpg\" alt=\"\" width=\"525\" height=\"355\" srcset=\"http:\/\/www.marianske-lazne.de\/wp-content\/uploads\/2017\/10\/cristal_palace-1024x692.jpg 1024w, http:\/\/www.marianske-lazne.de\/wp-content\/uploads\/2017\/10\/cristal_palace-300x203.jpg 300w, http:\/\/www.marianske-lazne.de\/wp-content\/uploads\/2017\/10\/cristal_palace-768x519.jpg 768w, http:\/\/www.marianske-lazne.de\/wp-content\/uploads\/2017\/10\/cristal_palace.jpg 1216w\" sizes=\"auto, (max-width: 525px) 100vw, 525px\" \/><\/a><figcaption id=\"caption-attachment-695\" class=\"wp-caption-text\">Das Hotel Cristal Palace in seiner damaligen Form, es wurde in den neunziger Jahren komplett und modern umgebaut<\/figcaption><\/figure>\n<figure id=\"attachment_696\" aria-describedby=\"caption-attachment-696\" style=\"width: 525px\" class=\"wp-caption aligncenter\"><a href=\"https:\/\/www.marianske-lazne.de\/wp-content\/uploads\/2017\/10\/excelsior.jpg\"><img loading=\"lazy\" decoding=\"async\" class=\"size-large wp-image-696\" src=\"https:\/\/www.marianske-lazne.de\/wp-content\/uploads\/2017\/10\/excelsior-665x1024.jpg\" alt=\"\" width=\"525\" height=\"808\" srcset=\"http:\/\/www.marianske-lazne.de\/wp-content\/uploads\/2017\/10\/excelsior-665x1024.jpg 665w, http:\/\/www.marianske-lazne.de\/wp-content\/uploads\/2017\/10\/excelsior-195x300.jpg 195w, http:\/\/www.marianske-lazne.de\/wp-content\/uploads\/2017\/10\/excelsior.jpg 744w\" sizes=\"auto, (max-width: 525px) 100vw, 525px\" \/><\/a><figcaption id=\"caption-attachment-696\" class=\"wp-caption-text\">Grandhotel Pacific am oberen Ende der Hlavn\u00ed t\u0159\u00edda<\/figcaption><\/figure>\n<figure id=\"attachment_698\" aria-describedby=\"caption-attachment-698\" style=\"width: 525px\" class=\"wp-caption aligncenter\"><a href=\"https:\/\/www.marianske-lazne.de\/wp-content\/uploads\/2017\/10\/ferd_kolonada1.jpg\"><img loading=\"lazy\" decoding=\"async\" class=\"wp-image-698 size-large\" src=\"https:\/\/www.marianske-lazne.de\/wp-content\/uploads\/2017\/10\/ferd_kolonada1-671x1024.jpg\" alt=\"\" width=\"525\" height=\"801\" srcset=\"http:\/\/www.marianske-lazne.de\/wp-content\/uploads\/2017\/10\/ferd_kolonada1-671x1024.jpg 671w, http:\/\/www.marianske-lazne.de\/wp-content\/uploads\/2017\/10\/ferd_kolonada1-197x300.jpg 197w, http:\/\/www.marianske-lazne.de\/wp-content\/uploads\/2017\/10\/ferd_kolonada1.jpg 760w\" sizes=\"auto, (max-width: 525px) 100vw, 525px\" \/><\/a><figcaption id=\"caption-attachment-698\" class=\"wp-caption-text\">Diese Kolonade wurde sp\u00e4ter versetzt und umbenannt (hier noch: Rudolfs- und Ferdinandsquelle, sp\u00e4ter Karolinenquelle)<\/figcaption><\/figure>\n<figure id=\"attachment_705\" aria-describedby=\"caption-attachment-705\" style=\"width: 525px\" class=\"wp-caption aligncenter\"><a href=\"https:\/\/www.marianske-lazne.de\/wp-content\/uploads\/2017\/10\/hlavni.jpg\"><img loading=\"lazy\" decoding=\"async\" class=\"wp-image-705 size-large\" src=\"https:\/\/www.marianske-lazne.de\/wp-content\/uploads\/2017\/10\/hlavni-690x1024.jpg\" alt=\"\" width=\"525\" height=\"779\" srcset=\"http:\/\/www.marianske-lazne.de\/wp-content\/uploads\/2017\/10\/hlavni-690x1024.jpg 690w, http:\/\/www.marianske-lazne.de\/wp-content\/uploads\/2017\/10\/hlavni-202x300.jpg 202w, http:\/\/www.marianske-lazne.de\/wp-content\/uploads\/2017\/10\/hlavni-768x1139.jpg 768w, http:\/\/www.marianske-lazne.de\/wp-content\/uploads\/2017\/10\/hlavni.jpg 790w\" sizes=\"auto, (max-width: 525px) 100vw, 525px\" \/><\/a><figcaption id=\"caption-attachment-705\" class=\"wp-caption-text\">Auf der Hlavn\u00ed t\u0159\u00edda (Hauptstrasse)<\/figcaption><\/figure>\n<p>&nbsp;<\/p>\n<figure id=\"attachment_715\" aria-describedby=\"caption-attachment-715\" style=\"width: 525px\" class=\"wp-caption aligncenter\"><a href=\"https:\/\/www.marianske-lazne.de\/wp-content\/uploads\/2017\/10\/kolonada3.jpg\"><img loading=\"lazy\" decoding=\"async\" class=\"wp-image-715 size-large\" src=\"https:\/\/www.marianske-lazne.de\/wp-content\/uploads\/2017\/10\/kolonada3-666x1024.jpg\" alt=\"\" width=\"525\" height=\"807\" srcset=\"http:\/\/www.marianske-lazne.de\/wp-content\/uploads\/2017\/10\/kolonada3-666x1024.jpg 666w, http:\/\/www.marianske-lazne.de\/wp-content\/uploads\/2017\/10\/kolonada3-195x300.jpg 195w, http:\/\/www.marianske-lazne.de\/wp-content\/uploads\/2017\/10\/kolonada3.jpg 766w\" sizes=\"auto, (max-width: 525px) 100vw, 525px\" \/><\/a><figcaption id=\"caption-attachment-715\" class=\"wp-caption-text\">Kolonade<\/figcaption><\/figure>\n<figure id=\"attachment_716\" aria-describedby=\"caption-attachment-716\" style=\"width: 525px\" class=\"wp-caption aligncenter\"><a href=\"https:\/\/www.marianske-lazne.de\/wp-content\/uploads\/2017\/10\/kolonada4.jpg\"><img loading=\"lazy\" decoding=\"async\" class=\"size-large wp-image-716\" src=\"https:\/\/www.marianske-lazne.de\/wp-content\/uploads\/2017\/10\/kolonada4-684x1024.jpg\" alt=\"\" width=\"525\" height=\"786\" srcset=\"http:\/\/www.marianske-lazne.de\/wp-content\/uploads\/2017\/10\/kolonada4-684x1024.jpg 684w, http:\/\/www.marianske-lazne.de\/wp-content\/uploads\/2017\/10\/kolonada4-201x300.jpg 201w, http:\/\/www.marianske-lazne.de\/wp-content\/uploads\/2017\/10\/kolonada4-768x1149.jpg 768w, http:\/\/www.marianske-lazne.de\/wp-content\/uploads\/2017\/10\/kolonada4.jpg 778w\" sizes=\"auto, (max-width: 525px) 100vw, 525px\" \/><\/a><figcaption id=\"caption-attachment-716\" class=\"wp-caption-text\">Kolonade<\/figcaption><\/figure>\n<figure id=\"attachment_717\" aria-describedby=\"caption-attachment-717\" style=\"width: 525px\" class=\"wp-caption aligncenter\"><a href=\"https:\/\/www.marianske-lazne.de\/wp-content\/uploads\/2017\/10\/krizovy1.jpg\"><img loading=\"lazy\" decoding=\"async\" class=\"size-large wp-image-717\" src=\"https:\/\/www.marianske-lazne.de\/wp-content\/uploads\/2017\/10\/krizovy1-687x1024.jpg\" alt=\"\" width=\"525\" height=\"783\" srcset=\"http:\/\/www.marianske-lazne.de\/wp-content\/uploads\/2017\/10\/krizovy1-687x1024.jpg 687w, http:\/\/www.marianske-lazne.de\/wp-content\/uploads\/2017\/10\/krizovy1-201x300.jpg 201w, http:\/\/www.marianske-lazne.de\/wp-content\/uploads\/2017\/10\/krizovy1-768x1144.jpg 768w, http:\/\/www.marianske-lazne.de\/wp-content\/uploads\/2017\/10\/krizovy1.jpg 772w\" sizes=\"auto, (max-width: 525px) 100vw, 525px\" \/><\/a><figcaption id=\"caption-attachment-717\" class=\"wp-caption-text\">Die Kreuzquelle<\/figcaption><\/figure>\n<figure id=\"attachment_718\" aria-describedby=\"caption-attachment-718\" style=\"width: 525px\" class=\"wp-caption aligncenter\"><a href=\"https:\/\/www.marianske-lazne.de\/wp-content\/uploads\/2017\/10\/krizovy2.jpg\"><img loading=\"lazy\" decoding=\"async\" class=\"size-large wp-image-718\" src=\"https:\/\/www.marianske-lazne.de\/wp-content\/uploads\/2017\/10\/krizovy2-678x1024.jpg\" alt=\"\" width=\"525\" height=\"793\" srcset=\"http:\/\/www.marianske-lazne.de\/wp-content\/uploads\/2017\/10\/krizovy2-678x1024.jpg 678w, http:\/\/www.marianske-lazne.de\/wp-content\/uploads\/2017\/10\/krizovy2-199x300.jpg 199w, http:\/\/www.marianske-lazne.de\/wp-content\/uploads\/2017\/10\/krizovy2-768x1160.jpg 768w, http:\/\/www.marianske-lazne.de\/wp-content\/uploads\/2017\/10\/krizovy2.jpg 780w\" sizes=\"auto, (max-width: 525px) 100vw, 525px\" \/><\/a><figcaption id=\"caption-attachment-718\" class=\"wp-caption-text\">Und noch einmal die Kreuzquelle (deshalb oben der Hinweis auf den Parteitag)<\/figcaption><\/figure>\n<figure id=\"attachment_723\" aria-describedby=\"caption-attachment-723\" style=\"width: 525px\" class=\"wp-caption aligncenter\"><a href=\"https:\/\/www.marianske-lazne.de\/wp-content\/uploads\/2017\/10\/nehr.jpg\"><img loading=\"lazy\" decoding=\"async\" class=\"size-large wp-image-723\" src=\"https:\/\/www.marianske-lazne.de\/wp-content\/uploads\/2017\/10\/nehr-668x1024.jpg\" alt=\"\" width=\"525\" height=\"805\" srcset=\"http:\/\/www.marianske-lazne.de\/wp-content\/uploads\/2017\/10\/nehr-668x1024.jpg 668w, http:\/\/www.marianske-lazne.de\/wp-content\/uploads\/2017\/10\/nehr-196x300.jpg 196w, http:\/\/www.marianske-lazne.de\/wp-content\/uploads\/2017\/10\/nehr.jpg 752w\" sizes=\"auto, (max-width: 525px) 100vw, 525px\" \/><\/a><figcaption id=\"caption-attachment-723\" class=\"wp-caption-text\">Die B\u00fcste Josef Nehrs<br \/>(damals ausserhalb des Geb\u00e4udes?)<\/figcaption><\/figure>\n<figure id=\"attachment_724\" aria-describedby=\"caption-attachment-724\" style=\"width: 525px\" class=\"wp-caption aligncenter\"><a href=\"https:\/\/www.marianske-lazne.de\/wp-content\/uploads\/2017\/10\/palace_praha1.jpg\"><img loading=\"lazy\" decoding=\"async\" class=\"size-large wp-image-724\" src=\"https:\/\/www.marianske-lazne.de\/wp-content\/uploads\/2017\/10\/palace_praha1-669x1024.jpg\" alt=\"\" width=\"525\" height=\"804\" srcset=\"http:\/\/www.marianske-lazne.de\/wp-content\/uploads\/2017\/10\/palace_praha1-669x1024.jpg 669w, http:\/\/www.marianske-lazne.de\/wp-content\/uploads\/2017\/10\/palace_praha1-196x300.jpg 196w, http:\/\/www.marianske-lazne.de\/wp-content\/uploads\/2017\/10\/palace_praha1.jpg 758w\" sizes=\"auto, (max-width: 525px) 100vw, 525px\" \/><\/a><figcaption id=\"caption-attachment-724\" class=\"wp-caption-text\">Das Hotel Palace Praha<\/figcaption><\/figure>\n<figure id=\"attachment_726\" aria-describedby=\"caption-attachment-726\" style=\"width: 525px\" class=\"wp-caption aligncenter\"><a href=\"https:\/\/www.marianske-lazne.de\/wp-content\/uploads\/2017\/10\/park.jpg\"><img loading=\"lazy\" decoding=\"async\" class=\"wp-image-726 size-large\" src=\"https:\/\/www.marianske-lazne.de\/wp-content\/uploads\/2017\/10\/park-675x1024.jpg\" alt=\"\" width=\"525\" height=\"796\" srcset=\"http:\/\/www.marianske-lazne.de\/wp-content\/uploads\/2017\/10\/park-675x1024.jpg 675w, http:\/\/www.marianske-lazne.de\/wp-content\/uploads\/2017\/10\/park-198x300.jpg 198w, http:\/\/www.marianske-lazne.de\/wp-content\/uploads\/2017\/10\/park-768x1165.jpg 768w, http:\/\/www.marianske-lazne.de\/wp-content\/uploads\/2017\/10\/park.jpg 774w\" sizes=\"auto, (max-width: 525px) 100vw, 525px\" \/><\/a><figcaption id=\"caption-attachment-726\" class=\"wp-caption-text\">Im Kurpark<\/figcaption><\/figure>\n<figure id=\"attachment_725\" aria-describedby=\"caption-attachment-725\" style=\"width: 525px\" class=\"wp-caption aligncenter\"><a href=\"https:\/\/www.marianske-lazne.de\/wp-content\/uploads\/2017\/10\/palace_praha2.jpg\"><img loading=\"lazy\" decoding=\"async\" class=\"size-large wp-image-725\" src=\"https:\/\/www.marianske-lazne.de\/wp-content\/uploads\/2017\/10\/palace_praha2-666x1024.jpg\" alt=\"\" width=\"525\" height=\"807\" srcset=\"http:\/\/www.marianske-lazne.de\/wp-content\/uploads\/2017\/10\/palace_praha2-666x1024.jpg 666w, http:\/\/www.marianske-lazne.de\/wp-content\/uploads\/2017\/10\/palace_praha2-195x300.jpg 195w, http:\/\/www.marianske-lazne.de\/wp-content\/uploads\/2017\/10\/palace_praha2.jpg 762w\" sizes=\"auto, (max-width: 525px) 100vw, 525px\" \/><\/a><figcaption id=\"caption-attachment-725\" class=\"wp-caption-text\">Nochmal das Palace Praha, speziell das Cafe<\/figcaption><\/figure>\n<figure id=\"attachment_713\" aria-describedby=\"caption-attachment-713\" style=\"width: 525px\" class=\"wp-caption aligncenter\"><a href=\"https:\/\/www.marianske-lazne.de\/wp-content\/uploads\/2017\/10\/kolonada1.jpg\"><img loading=\"lazy\" decoding=\"async\" class=\"size-large wp-image-713\" src=\"https:\/\/www.marianske-lazne.de\/wp-content\/uploads\/2017\/10\/kolonada1-1024x667.jpg\" alt=\"\" width=\"525\" height=\"342\" srcset=\"http:\/\/www.marianske-lazne.de\/wp-content\/uploads\/2017\/10\/kolonada1-1024x667.jpg 1024w, http:\/\/www.marianske-lazne.de\/wp-content\/uploads\/2017\/10\/kolonada1-300x195.jpg 300w, http:\/\/www.marianske-lazne.de\/wp-content\/uploads\/2017\/10\/kolonada1-768x500.jpg 768w, http:\/\/www.marianske-lazne.de\/wp-content\/uploads\/2017\/10\/kolonada1.jpg 1170w\" sizes=\"auto, (max-width: 525px) 100vw, 525px\" \/><\/a><figcaption id=\"caption-attachment-713\" class=\"wp-caption-text\">Die sogenannte &#8222;Obere Kolonade&#8220; oder auch &#8222;Sonnenkolonade&#8220;. 1875 gebaut, schloss sie sich an die Hauptkolonade an. Sie wurde 1973 abgerissen.<\/figcaption><\/figure>\n<p>&nbsp;<\/p>\n<figure id=\"attachment_714\" aria-describedby=\"caption-attachment-714\" style=\"width: 525px\" class=\"wp-caption aligncenter\"><a href=\"https:\/\/www.marianske-lazne.de\/wp-content\/uploads\/2017\/10\/kolonada2.jpg\"><img loading=\"lazy\" decoding=\"async\" class=\"wp-image-714 size-large\" src=\"https:\/\/www.marianske-lazne.de\/wp-content\/uploads\/2017\/10\/kolonada2-1024x689.jpg\" alt=\"\" width=\"525\" height=\"353\" srcset=\"http:\/\/www.marianske-lazne.de\/wp-content\/uploads\/2017\/10\/kolonada2-1024x689.jpg 1024w, http:\/\/www.marianske-lazne.de\/wp-content\/uploads\/2017\/10\/kolonada2-300x202.jpg 300w, http:\/\/www.marianske-lazne.de\/wp-content\/uploads\/2017\/10\/kolonada2-768x516.jpg 768w, http:\/\/www.marianske-lazne.de\/wp-content\/uploads\/2017\/10\/kolonada2.jpg 1166w\" sizes=\"auto, (max-width: 525px) 100vw, 525px\" \/><\/a><figcaption id=\"caption-attachment-714\" class=\"wp-caption-text\">Erstmal ausruhen&#8230; (im Hintergrund Getr\u00e4nkeautomaten: kennt die noch jemand?)<\/figcaption><\/figure>\n<figure id=\"attachment_697\" aria-describedby=\"caption-attachment-697\" style=\"width: 525px\" class=\"wp-caption aligncenter\"><a href=\"https:\/\/www.marianske-lazne.de\/wp-content\/uploads\/2017\/10\/ferd_kolonada.jpg\"><img loading=\"lazy\" decoding=\"async\" class=\"size-large wp-image-697\" src=\"https:\/\/www.marianske-lazne.de\/wp-content\/uploads\/2017\/10\/ferd_kolonada-1024x482.jpg\" alt=\"\" width=\"525\" height=\"247\" srcset=\"http:\/\/www.marianske-lazne.de\/wp-content\/uploads\/2017\/10\/ferd_kolonada-1024x482.jpg 1024w, http:\/\/www.marianske-lazne.de\/wp-content\/uploads\/2017\/10\/ferd_kolonada-300x141.jpg 300w, http:\/\/www.marianske-lazne.de\/wp-content\/uploads\/2017\/10\/ferd_kolonada-768x361.jpg 768w\" sizes=\"auto, (max-width: 525px) 100vw, 525px\" \/><\/a><figcaption id=\"caption-attachment-697\" class=\"wp-caption-text\">Siehe oben: die Kolonade der Rudolfs-\/Ferdinandsquelle (hier teilverglast) wurde in sp\u00e4teren Jahren einige Meter Richtung Centr\u00e1ln\u00ed L\u00e1zn\u011b versetzt und heisst heute Kolonade der Karolinenquelle.<\/figcaption><\/figure>\n<figure id=\"attachment_727\" aria-describedby=\"caption-attachment-727\" style=\"width: 525px\" class=\"wp-caption aligncenter\"><a href=\"https:\/\/www.marianske-lazne.de\/wp-content\/uploads\/2017\/10\/park1.jpg\"><img loading=\"lazy\" decoding=\"async\" class=\"size-large wp-image-727\" src=\"https:\/\/www.marianske-lazne.de\/wp-content\/uploads\/2017\/10\/park1-673x1024.jpg\" alt=\"\" width=\"525\" height=\"799\" srcset=\"http:\/\/www.marianske-lazne.de\/wp-content\/uploads\/2017\/10\/park1-673x1024.jpg 673w, http:\/\/www.marianske-lazne.de\/wp-content\/uploads\/2017\/10\/park1-197x300.jpg 197w, http:\/\/www.marianske-lazne.de\/wp-content\/uploads\/2017\/10\/park1-768x1169.jpg 768w, http:\/\/www.marianske-lazne.de\/wp-content\/uploads\/2017\/10\/park1.jpg 770w\" sizes=\"auto, (max-width: 525px) 100vw, 525px\" \/><\/a><figcaption id=\"caption-attachment-727\" class=\"wp-caption-text\">Ausflug nach Franti\u0161kovy L\u00e1zn\u011b<\/figcaption><\/figure>\n<p>Und hier noch eine kleine Sammlung von Ansichtskarten aus den 60iger&#8230;80iger Jahren:<\/p>\n<p><a href=\"https:\/\/www.marianske-lazne.de\/wp-content\/uploads\/2017\/10\/ak_ml_70er_008.jpg\"><img loading=\"lazy\" decoding=\"async\" class=\"aligncenter size-large wp-image-686\" src=\"https:\/\/www.marianske-lazne.de\/wp-content\/uploads\/2017\/10\/ak_ml_70er_008-1024x770.jpg\" alt=\"\" width=\"525\" height=\"395\" srcset=\"http:\/\/www.marianske-lazne.de\/wp-content\/uploads\/2017\/10\/ak_ml_70er_008.jpg 1024w, http:\/\/www.marianske-lazne.de\/wp-content\/uploads\/2017\/10\/ak_ml_70er_008-300x226.jpg 300w, http:\/\/www.marianske-lazne.de\/wp-content\/uploads\/2017\/10\/ak_ml_70er_008-768x578.jpg 768w\" sizes=\"auto, (max-width: 525px) 100vw, 525px\" \/><\/a><\/p>\n<p><a href=\"https:\/\/www.marianske-lazne.de\/wp-content\/uploads\/2017\/10\/ak_ml_70er_010.jpg\"><img loading=\"lazy\" decoding=\"async\" class=\"aligncenter size-full wp-image-688\" src=\"https:\/\/www.marianske-lazne.de\/wp-content\/uploads\/2017\/10\/ak_ml_70er_010.jpg\" alt=\"\" width=\"1004\" height=\"752\" srcset=\"http:\/\/www.marianske-lazne.de\/wp-content\/uploads\/2017\/10\/ak_ml_70er_010.jpg 1004w, http:\/\/www.marianske-lazne.de\/wp-content\/uploads\/2017\/10\/ak_ml_70er_010-300x225.jpg 300w, http:\/\/www.marianske-lazne.de\/wp-content\/uploads\/2017\/10\/ak_ml_70er_010-768x575.jpg 768w\" sizes=\"auto, (max-width: 767px) 89vw, (max-width: 1000px) 54vw, (max-width: 1071px) 543px, 580px\" \/><\/a><\/p>\n<p><a href=\"https:\/\/www.marianske-lazne.de\/wp-content\/uploads\/2017\/10\/krizovy3.jpg\"><img loading=\"lazy\" decoding=\"async\" class=\"aligncenter size-full wp-image-719\" src=\"https:\/\/www.marianske-lazne.de\/wp-content\/uploads\/2017\/10\/krizovy3.jpg\" alt=\"\" width=\"1004\" height=\"748\" srcset=\"http:\/\/www.marianske-lazne.de\/wp-content\/uploads\/2017\/10\/krizovy3.jpg 1004w, http:\/\/www.marianske-lazne.de\/wp-content\/uploads\/2017\/10\/krizovy3-300x224.jpg 300w, http:\/\/www.marianske-lazne.de\/wp-content\/uploads\/2017\/10\/krizovy3-768x572.jpg 768w\" sizes=\"auto, (max-width: 767px) 89vw, (max-width: 1000px) 54vw, (max-width: 1071px) 543px, 580px\" \/><\/a><\/p>\n<p><a href=\"https:\/\/www.marianske-lazne.de\/wp-content\/uploads\/2017\/10\/ak_ml_70er_001.jpg\"><img loading=\"lazy\" decoding=\"async\" class=\"aligncenter size-large wp-image-681\" src=\"https:\/\/www.marianske-lazne.de\/wp-content\/uploads\/2017\/10\/ak_ml_70er_001-726x1024.jpg\" alt=\"\" width=\"525\" height=\"740\" srcset=\"http:\/\/www.marianske-lazne.de\/wp-content\/uploads\/2017\/10\/ak_ml_70er_001-726x1024.jpg 726w, http:\/\/www.marianske-lazne.de\/wp-content\/uploads\/2017\/10\/ak_ml_70er_001-213x300.jpg 213w, http:\/\/www.marianske-lazne.de\/wp-content\/uploads\/2017\/10\/ak_ml_70er_001-768x1083.jpg 768w\" sizes=\"auto, (max-width: 525px) 100vw, 525px\" \/><\/a><\/p>\n<p><a href=\"https:\/\/www.marianske-lazne.de\/wp-content\/uploads\/2017\/10\/ak_ml_70er_002.jpg\"><img loading=\"lazy\" decoding=\"async\" class=\"aligncenter size-large wp-image-682\" src=\"https:\/\/www.marianske-lazne.de\/wp-content\/uploads\/2017\/10\/ak_ml_70er_002-1024x722.jpg\" alt=\"\" width=\"525\" height=\"370\" srcset=\"http:\/\/www.marianske-lazne.de\/wp-content\/uploads\/2017\/10\/ak_ml_70er_002-1024x722.jpg 1024w, http:\/\/www.marianske-lazne.de\/wp-content\/uploads\/2017\/10\/ak_ml_70er_002-300x211.jpg 300w, http:\/\/www.marianske-lazne.de\/wp-content\/uploads\/2017\/10\/ak_ml_70er_002-768x541.jpg 768w\" sizes=\"auto, (max-width: 525px) 100vw, 525px\" \/><\/a><\/p>\n<p><a href=\"https:\/\/www.marianske-lazne.de\/wp-content\/uploads\/2017\/10\/ak_ml_70er_003.jpg\"><img loading=\"lazy\" decoding=\"async\" class=\"aligncenter size-large wp-image-683\" src=\"https:\/\/www.marianske-lazne.de\/wp-content\/uploads\/2017\/10\/ak_ml_70er_003-1024x720.jpg\" alt=\"\" width=\"525\" height=\"369\" srcset=\"http:\/\/www.marianske-lazne.de\/wp-content\/uploads\/2017\/10\/ak_ml_70er_003-1024x720.jpg 1024w, http:\/\/www.marianske-lazne.de\/wp-content\/uploads\/2017\/10\/ak_ml_70er_003-300x211.jpg 300w, http:\/\/www.marianske-lazne.de\/wp-content\/uploads\/2017\/10\/ak_ml_70er_003-768x540.jpg 768w\" sizes=\"auto, (max-width: 525px) 100vw, 525px\" \/><\/a><\/p>\n<p><a href=\"https:\/\/www.marianske-lazne.de\/wp-content\/uploads\/2017\/10\/ak_ml_70er_004.jpg\"><img loading=\"lazy\" decoding=\"async\" class=\"aligncenter size-large wp-image-684\" src=\"https:\/\/www.marianske-lazne.de\/wp-content\/uploads\/2017\/10\/ak_ml_70er_004-1024x722.jpg\" alt=\"\" width=\"525\" height=\"370\" srcset=\"http:\/\/www.marianske-lazne.de\/wp-content\/uploads\/2017\/10\/ak_ml_70er_004-1024x722.jpg 1024w, http:\/\/www.marianske-lazne.de\/wp-content\/uploads\/2017\/10\/ak_ml_70er_004-300x211.jpg 300w, http:\/\/www.marianske-lazne.de\/wp-content\/uploads\/2017\/10\/ak_ml_70er_004-768x541.jpg 768w\" sizes=\"auto, (max-width: 525px) 100vw, 525px\" \/><\/a><\/p>\n<p><a href=\"https:\/\/www.marianske-lazne.de\/wp-content\/uploads\/2017\/10\/ak_ml_70er_006.jpg\"><img loading=\"lazy\" decoding=\"async\" class=\"aligncenter size-large wp-image-685\" src=\"https:\/\/www.marianske-lazne.de\/wp-content\/uploads\/2017\/10\/ak_ml_70er_006-1024x780.jpg\" alt=\"\" width=\"525\" height=\"400\" srcset=\"http:\/\/www.marianske-lazne.de\/wp-content\/uploads\/2017\/10\/ak_ml_70er_006-1024x780.jpg 1024w, http:\/\/www.marianske-lazne.de\/wp-content\/uploads\/2017\/10\/ak_ml_70er_006-300x229.jpg 300w, http:\/\/www.marianske-lazne.de\/wp-content\/uploads\/2017\/10\/ak_ml_70er_006-768x585.jpg 768w\" sizes=\"auto, (max-width: 525px) 100vw, 525px\" \/><\/a><\/p>\n<p><a href=\"https:\/\/www.marianske-lazne.de\/wp-content\/uploads\/2017\/10\/ak_ml_70er_011.jpg\"><img loading=\"lazy\" decoding=\"async\" class=\"aligncenter size-large wp-image-689\" src=\"https:\/\/www.marianske-lazne.de\/wp-content\/uploads\/2017\/10\/ak_ml_70er_011-1024x723.jpg\" alt=\"\" width=\"525\" height=\"371\" srcset=\"http:\/\/www.marianske-lazne.de\/wp-content\/uploads\/2017\/10\/ak_ml_70er_011-1024x723.jpg 1024w, http:\/\/www.marianske-lazne.de\/wp-content\/uploads\/2017\/10\/ak_ml_70er_011-300x212.jpg 300w, http:\/\/www.marianske-lazne.de\/wp-content\/uploads\/2017\/10\/ak_ml_70er_011-768x542.jpg 768w, http:\/\/www.marianske-lazne.de\/wp-content\/uploads\/2017\/10\/ak_ml_70er_011.jpg 1712w\" sizes=\"auto, (max-width: 525px) 100vw, 525px\" \/><\/a><\/p>\n<p>Aus sp\u00e4teren Jahren (1985) ist noch eine Speisekarte erhalten, die ich k\u00fcrzlich bei einem Internet-Auktionshaus entdeckt (und gekauft&#8230;)\u00a0 habe und hier ebenfalls pr\u00e4sentieren m\u00f6chte:<\/p>\n<p><a href=\"https:\/\/www.marianske-lazne.de\/wp-content\/uploads\/2017\/10\/speisekarte.jpg\"><img loading=\"lazy\" decoding=\"async\" class=\"aligncenter size-large wp-image-733\" src=\"https:\/\/www.marianske-lazne.de\/wp-content\/uploads\/2017\/10\/speisekarte-734x1024.jpg\" alt=\"\" width=\"525\" height=\"732\" srcset=\"http:\/\/www.marianske-lazne.de\/wp-content\/uploads\/2017\/10\/speisekarte-734x1024.jpg 734w, http:\/\/www.marianske-lazne.de\/wp-content\/uploads\/2017\/10\/speisekarte-215x300.jpg 215w, http:\/\/www.marianske-lazne.de\/wp-content\/uploads\/2017\/10\/speisekarte-768x1072.jpg 768w, http:\/\/www.marianske-lazne.de\/wp-content\/uploads\/2017\/10\/speisekarte.jpg 1780w\" sizes=\"auto, (max-width: 525px) 100vw, 525px\" \/><\/a><\/p>\n<p><a href=\"https:\/\/www.marianske-lazne.de\/?p=940\">weiter zum vierten Teil:<\/a><\/p>\n<p>&nbsp;<\/p>\n<p>&nbsp;<\/p>\n","protected":false},"excerpt":{"rendered":"<p>Wie bereits im zweiten Teil erw\u00e4hnt, hatte unser Onkel Conrad Burgold das Gl\u00fcck, mehrfach zu einem Kuraufenthalt nach Mari\u00e1nsk\u00e9 L\u00e1zn\u011b\/Marienbad zu reisen. Ein paar Erinnerungsbilder von seinen Aufenthalten aus den Jahren 1962 oder 1963 (l\u00e4sst sich leider nicht mehr ganz genau spezifizieren) gibt es hier im dritten Teil unserer kleinen historischen Betrachtung. &nbsp; &nbsp; Und &hellip; <\/p>\n<p class=\"link-more\"><a href=\"http:\/\/www.marianske-lazne.de\/?p=756\" class=\"more-link\"><span class=\"screen-reader-text\">\u201e(3) Ausflug in die Geschichte von Mari\u00e1nsk\u00e9 L\u00e1zn\u011b\/Marienbad &#8211; Kuraufenthalte von Onkel Conrad Burgold\u201c <\/span>weiterlesen<\/a><\/p>\n","protected":false},"author":2,"featured_media":0,"comment_status":"closed","ping_status":"open","sticky":false,"template":"","format":"standard","meta":{"_monsterinsights_skip_tracking":false,"_monsterinsights_sitenote_active":false,"_monsterinsights_sitenote_note":"","_monsterinsights_sitenote_category":0,"footnotes":""},"categories":[9],"tags":[],"class_list":["post-756","post","type-post","status-publish","format-standard","hentry","category-historie"],"aioseo_notices":[],"_links":{"self":[{"href":"http:\/\/www.marianske-lazne.de\/index.php?rest_route=\/wp\/v2\/posts\/756","targetHints":{"allow":["GET"]}}],"collection":[{"href":"http:\/\/www.marianske-lazne.de\/index.php?rest_route=\/wp\/v2\/posts"}],"about":[{"href":"http:\/\/www.marianske-lazne.de\/index.php?rest_route=\/wp\/v2\/types\/post"}],"author":[{"embeddable":true,"href":"http:\/\/www.marianske-lazne.de\/index.php?rest_route=\/wp\/v2\/users\/2"}],"replies":[{"embeddable":true,"href":"http:\/\/www.marianske-lazne.de\/index.php?rest_route=%2Fwp%2Fv2%2Fcomments&post=756"}],"version-history":[{"count":8,"href":"http:\/\/www.marianske-lazne.de\/index.php?rest_route=\/wp\/v2\/posts\/756\/revisions"}],"predecessor-version":[{"id":2681,"href":"http:\/\/www.marianske-lazne.de\/index.php?rest_route=\/wp\/v2\/posts\/756\/revisions\/2681"}],"wp:attachment":[{"href":"http:\/\/www.marianske-lazne.de\/index.php?rest_route=%2Fwp%2Fv2%2Fmedia&parent=756"}],"wp:term":[{"taxonomy":"category","embeddable":true,"href":"http:\/\/www.marianske-lazne.de\/index.php?rest_route=%2Fwp%2Fv2%2Fcategories&post=756"},{"taxonomy":"post_tag","embeddable":true,"href":"http:\/\/www.marianske-lazne.de\/index.php?rest_route=%2Fwp%2Fv2%2Ftags&post=756"}],"curies":[{"name":"wp","href":"https:\/\/api.w.org\/{rel}","templated":true}]}}