{"id":680,"date":"2008-10-22T23:23:17","date_gmt":"2008-10-22T21:23:17","guid":{"rendered":"https:\/\/www.marianske-lazne.de\/?p=680"},"modified":"2024-10-29T12:02:13","modified_gmt":"2024-10-29T11:02:13","slug":"ein-kleiner-ausflug-in-die-geschichte-von-marianske-lazne","status":"publish","type":"post","link":"http:\/\/www.marianske-lazne.de\/?p=680","title":{"rendered":"(1) Ausflug in die Geschichte von Mari\u00e1nsk\u00e9 L\u00e1zn\u011b\/Marienbad &#8211; wie alles begann&#8230;"},"content":{"rendered":"<p>Mari\u00e1nsk\u00e9 L\u00e1zn\u011b\/Marienbad ist eines der drei weltber\u00fchmten Kurb\u00e4der des westb\u00f6hmischen B\u00e4derdreiecks, und es ist das j\u00fcngste von ihnen: w\u00e4hrend Karlovy Vary\/Karlsbad bereits im 14. Jahrhundert Stadtrecht erhielt und auch seit dieser Zeit die dortigen Heilquellen genutzt werden, feierte Mari\u00e1nsk\u00e9 L\u00e1zn\u011b im Jahr 2008 das 200j\u00e4hrige Jubil\u00e4um des Kurbetriebes. In dieser &#8211; historisch gesehen &#8211; recht kurzen Zeit hat der Kurort eine rasante Entwicklung erlebt.<\/p>\n<p><em>Ein paar Anmerkungen allerdings vorweg: <\/em><\/p>\n<ul>\n<li><em><em><span style=\"color: #0000ff;\">Ich habe versucht, m\u00f6glichst vieles aus den mir zur Verf\u00fcgung stehenden Quellen (B\u00fccher, Zeitungsberichte, diverse Webseiten) zusammenzutragen, zu sichten, sortieren und der grossen Historie entsprechend einzuordnen. Nat\u00fcrlich erhebt das keinerlei Anspruch auf Richtigkeit oder gar Vollst\u00e4ndigkeit. Einige Zeitabschnitte sind bisher auch noch gar nicht ber\u00fccksichtigt worden, da mir dazu leider nur wenige oder eher widerspr\u00fcchliche Informationen vorliegen. <\/span><\/em><\/em><em><em><span style=\"color: #0000ff;\">Als Quellen dienten mir unter anderem folgende Ver\u00f6ffentlichungen:<\/span><\/em><\/em><em><em><span style=\"color: #0000ff;\">&#8211; Diverse neuere und \u00e4ltere Reisef\u00fchrer, wie zum Beispiel: <\/span><\/em><\/em><em><span style=\"color: #0000ff;\">GRIEBEN (1914)<\/span><\/em><br \/>\n<em><span style=\"color: #0000ff;\"> <a href=\"https:\/\/www.marianske-lazne.de\/wp-content\/uploads\/2008\/10\/grieben_marienbad.jpg\"><img loading=\"lazy\" decoding=\"async\" class=\"aligncenter size-large wp-image-770\" src=\"https:\/\/www.marianske-lazne.de\/wp-content\/uploads\/2008\/10\/grieben_marienbad-739x1024.jpg\" alt=\"\" width=\"525\" height=\"727\" srcset=\"http:\/\/www.marianske-lazne.de\/wp-content\/uploads\/2008\/10\/grieben_marienbad-739x1024.jpg 739w, http:\/\/www.marianske-lazne.de\/wp-content\/uploads\/2008\/10\/grieben_marienbad-216x300.jpg 216w, http:\/\/www.marianske-lazne.de\/wp-content\/uploads\/2008\/10\/grieben_marienbad-768x1065.jpg 768w, http:\/\/www.marianske-lazne.de\/wp-content\/uploads\/2008\/10\/grieben_marienbad.jpg 1408w\" sizes=\"auto, (max-width: 525px) 100vw, 525px\" \/><\/a><\/span><\/em><em><span style=\"color: #0000ff;\">BAEDEKER (1929)<\/span><\/em><br \/>\n<em><span style=\"color: #0000ff;\"> <a href=\"https:\/\/www.marianske-lazne.de\/wp-content\/uploads\/2008\/10\/baedeker_austria.jpg\"><img loading=\"lazy\" decoding=\"async\" class=\"aligncenter size-large wp-image-769\" src=\"https:\/\/www.marianske-lazne.de\/wp-content\/uploads\/2008\/10\/baedeker_austria-745x1024.jpg\" alt=\"\" width=\"525\" height=\"722\" srcset=\"http:\/\/www.marianske-lazne.de\/wp-content\/uploads\/2008\/10\/baedeker_austria-745x1024.jpg 745w, http:\/\/www.marianske-lazne.de\/wp-content\/uploads\/2008\/10\/baedeker_austria-218x300.jpg 218w, http:\/\/www.marianske-lazne.de\/wp-content\/uploads\/2008\/10\/baedeker_austria-768x1056.jpg 768w, http:\/\/www.marianske-lazne.de\/wp-content\/uploads\/2008\/10\/baedeker_austria.jpg 1661w\" sizes=\"auto, (max-width: 525px) 100vw, 525px\" \/><\/a><\/span><\/em><br \/>\n<em><span style=\"color: #0000ff;\"> WOERL (1941)<\/span><\/em><br \/>\n<em><span style=\"color: #0000ff;\"> <a href=\"https:\/\/www.marianske-lazne.de\/wp-content\/uploads\/2008\/10\/woerl_marienbad1.jpg\"><img loading=\"lazy\" decoding=\"async\" class=\"aligncenter size-large wp-image-773\" src=\"https:\/\/www.marianske-lazne.de\/wp-content\/uploads\/2008\/10\/woerl_marienbad1-739x1024.jpg\" alt=\"\" width=\"525\" height=\"727\" srcset=\"http:\/\/www.marianske-lazne.de\/wp-content\/uploads\/2008\/10\/woerl_marienbad1-739x1024.jpg 739w, http:\/\/www.marianske-lazne.de\/wp-content\/uploads\/2008\/10\/woerl_marienbad1-216x300.jpg 216w, http:\/\/www.marianske-lazne.de\/wp-content\/uploads\/2008\/10\/woerl_marienbad1-768x1064.jpg 768w, http:\/\/www.marianske-lazne.de\/wp-content\/uploads\/2008\/10\/woerl_marienbad1.jpg 1369w\" sizes=\"auto, (max-width: 525px) 100vw, 525px\" \/><\/a><\/span><\/em><br \/>\n<em><span style=\"color: #0000ff;\"> OLYMPIA (1981)<\/span><\/em><br \/>\n<em><span style=\"color: #0000ff;\"> <a href=\"https:\/\/www.marianske-lazne.de\/wp-content\/uploads\/2008\/10\/olympia.jpg\"><img loading=\"lazy\" decoding=\"async\" class=\"aligncenter size-full wp-image-774\" src=\"https:\/\/www.marianske-lazne.de\/wp-content\/uploads\/2008\/10\/olympia.jpg\" alt=\"\" width=\"289\" height=\"473\" srcset=\"http:\/\/www.marianske-lazne.de\/wp-content\/uploads\/2008\/10\/olympia.jpg 289w, http:\/\/www.marianske-lazne.de\/wp-content\/uploads\/2008\/10\/olympia-183x300.jpg 183w\" sizes=\"auto, (max-width: 289px) 100vw, 289px\" \/><\/a><\/span><\/em><em><span style=\"color: #0000ff;\">SOUKUP\/DAVID (1998)<\/span><\/em><br \/>\n<em><span style=\"color: #0000ff;\"> <a href=\"https:\/\/www.marianske-lazne.de\/wp-content\/uploads\/2008\/10\/soukup_david_marienbad.jpg\"><img loading=\"lazy\" decoding=\"async\" class=\"aligncenter size-large wp-image-772\" src=\"https:\/\/www.marianske-lazne.de\/wp-content\/uploads\/2008\/10\/soukup_david_marienbad-685x1024.jpg\" alt=\"\" width=\"525\" height=\"785\" srcset=\"http:\/\/www.marianske-lazne.de\/wp-content\/uploads\/2008\/10\/soukup_david_marienbad-685x1024.jpg 685w, http:\/\/www.marianske-lazne.de\/wp-content\/uploads\/2008\/10\/soukup_david_marienbad-201x300.jpg 201w, http:\/\/www.marianske-lazne.de\/wp-content\/uploads\/2008\/10\/soukup_david_marienbad-768x1148.jpg 768w, http:\/\/www.marianske-lazne.de\/wp-content\/uploads\/2008\/10\/soukup_david_marienbad.jpg 1435w\" sizes=\"auto, (max-width: 525px) 100vw, 525px\" \/><\/a><\/span><\/em><br \/>\n<em><span style=\"color: #0000ff;\"> IRPEN (2009)<\/span><\/em><br \/>\n<em><span style=\"color: #0000ff;\"> <a href=\"https:\/\/www.marianske-lazne.de\/wp-content\/uploads\/2008\/10\/irpen_marienbad.jpg\"><img loading=\"lazy\" decoding=\"async\" class=\"aligncenter size-large wp-image-771\" src=\"https:\/\/www.marianske-lazne.de\/wp-content\/uploads\/2008\/10\/irpen_marienbad-760x1024.jpg\" alt=\"\" width=\"525\" height=\"707\" srcset=\"http:\/\/www.marianske-lazne.de\/wp-content\/uploads\/2008\/10\/irpen_marienbad-760x1024.jpg 760w, http:\/\/www.marianske-lazne.de\/wp-content\/uploads\/2008\/10\/irpen_marienbad-223x300.jpg 223w, http:\/\/www.marianske-lazne.de\/wp-content\/uploads\/2008\/10\/irpen_marienbad-768x1034.jpg 768w, http:\/\/www.marianske-lazne.de\/wp-content\/uploads\/2008\/10\/irpen_marienbad.jpg 1413w\" sizes=\"auto, (max-width: 525px) 100vw, 525px\" \/><\/a><\/span><\/em><br \/>\n<em><span style=\"color: #0000ff;\"> Eine der umfassendsten Quellen f\u00fcr mich ist die Webseite<\/span><\/em><br \/>\n<em><span style=\"color: #0000ff;\"> <strong>http:\/\/www.hamelika.cz<\/strong><\/span><\/em><a href=\"http:\/\/www.hamelika.cz\" target=\"_blank\" rel=\"noopener\"><img loading=\"lazy\" decoding=\"async\" class=\"alignnone\" src=\"http:\/\/www.hamelika.cz\/images\/hamelika1.gif\" alt=\"\" width=\"468\" height=\"60\" \/><\/a><em><span style=\"color: #0000ff;\">von <a href=\"https:\/\/cs.wikipedia.org\/wiki\/Richard_%C5%A0vandrl%C3%ADk\" target=\"_blank\" rel=\"noopener\"><span style=\"color: #0000ff;\">Ing. Richard\u00a0\u0160vandrl\u00edk<\/span><\/a> (leider im Mai 2016 im Alter von 82 Jahren <a href=\"http:\/\/www.tvml.cz\/2016\/04\/30\/zemrel-historik-a-spisovatel-richard-svandrlik\/\" target=\"_blank\" rel=\"noopener\"><span style=\"color: #0000ff;\">verstorben<\/span><\/a>), der mehr als 100 B\u00fccher und Schriften \u00fcber die Geschichte von Mari\u00e1nsk\u00e9 L\u00e1zn\u011b\/Marienbad und Umgebung verfasste und auf seiner Webseite (weitergef\u00fchrt von David \u0160vandrl\u00edk) eine schier unglaubliche Menge von Informationen sowie Verweisen\/Links &#8211; z.T. auf Originaldokumente! &#8211;\u00a0 zusammengetragen hat. Fantastisch!<br \/>\n<\/span><\/em><\/li>\n<li><em><span style=\"color: #0000ff;\">Die Historie von\u00a0Mari\u00e1nsk\u00e9 L\u00e1zn\u011b\/Marienbad und der westb\u00f6hmischen Umgebung ist seit Jahrhunderten gleicherma\u00dfen von b\u00f6hmischen und deutschen Einfl\u00fcssen gepr\u00e4gt.<br \/>\nSomit verwende ich &#8211; soweit sinnvoll &#8211; sowohl die tschechische als auch die deutsche Bezeichnung f\u00fcr Orte, Personen usw.\u00a0<\/span> <\/em><\/li>\n<\/ul>\n<p>Die Geschichte der Stadt Mari\u00e1nsk\u00e9 L\u00e1zn\u011b\/Marienbad ist eng und untrennbar mit der Geschichte des <a href=\"https:\/\/de.wikipedia.org\/wiki\/Stift_Tepl\" target=\"_blank\" rel=\"noopener\">Pr\u00e4monstratenserklosters in Tepl\u00e1\/Tepl<\/a> verbunden. Dieses Kloster wurde im Jahre 1193 durch den Adeligen <a href=\"https:\/\/de.wikipedia.org\/wiki\/Hroznata_von_Ovenec\" target=\"_blank\" rel=\"noopener\">Hroznata<\/a> gegr\u00fcndet und sollte in den n\u00e4chsten Jahrhunderten eine wichtige Rolle f\u00fcr das Land spielen.<\/p>\n<p><a href=\"https:\/\/www.marianske-lazne.de\/wp-content\/uploads\/2017\/10\/tepla.jpg\"><img loading=\"lazy\" decoding=\"async\" class=\"aligncenter size-full wp-image-735\" src=\"https:\/\/www.marianske-lazne.de\/wp-content\/uploads\/2017\/10\/tepla.jpg\" alt=\"\" width=\"800\" height=\"600\" srcset=\"http:\/\/www.marianske-lazne.de\/wp-content\/uploads\/2017\/10\/tepla.jpg 800w, http:\/\/www.marianske-lazne.de\/wp-content\/uploads\/2017\/10\/tepla-300x225.jpg 300w, http:\/\/www.marianske-lazne.de\/wp-content\/uploads\/2017\/10\/tepla-768x576.jpg 768w\" sizes=\"auto, (max-width: 767px) 89vw, (max-width: 1000px) 54vw, (max-width: 1071px) 543px, 580px\" \/><\/a><\/p>\n<p>Die Tepler M\u00f6nche hatten bereits in dieser Zeit erste Heilquellen entdeckt, die als &#8222;S\u00e4uerling&#8220; bezeichnet wurden. Die Quellen wurden 1528 auf Gehei\u00df des K\u00f6nigs <a href=\"https:\/\/de.wikipedia.org\/wiki\/Ferdinand_I._(HRR)\" target=\"_blank\" rel=\"noopener\">Ferdinand I.<\/a> untersucht, mit dem haupts\u00e4chlichen Beweggrund, ob daraus Salz gewonnen werden k\u00f6nne, damit B\u00f6hmen von entsprechenden Lieferungen aus dem Ausland unabh\u00e4ngig w\u00fcrde. Salz war damals sehr teuer, nicht umsonst wurde es als &#8222;weisses Gold&#8220; bezeichnet.<br \/>\nDoch die Entt\u00e4uschung war gro\u00df: das im Quellwasser enthaltene Salz war leider \u00fcberhaupt nicht f\u00fcr Speisezwecke verwendbar, es handelte sich vielmehr um Glaubersalz, mit seiner bekannten abf\u00fchrenden Wirkung. Die Quelle in \u00da\u0161ovice\/Auschowitz wurde nach dem K\u00f6nig &#8222;Ferdinandsquelle&#8220; genannt, weitere Quellen wurden untersucht und katalogisiert.<\/p>\n<p><a href=\"https:\/\/www.marianske-lazne.de\/wp-content\/uploads\/2017\/10\/ferd_pramen.jpg\"><img loading=\"lazy\" decoding=\"async\" class=\"aligncenter size-full wp-image-699\" src=\"https:\/\/www.marianske-lazne.de\/wp-content\/uploads\/2017\/10\/ferd_pramen.jpg\" alt=\"\" width=\"800\" height=\"600\" srcset=\"http:\/\/www.marianske-lazne.de\/wp-content\/uploads\/2017\/10\/ferd_pramen.jpg 800w, http:\/\/www.marianske-lazne.de\/wp-content\/uploads\/2017\/10\/ferd_pramen-300x225.jpg 300w, http:\/\/www.marianske-lazne.de\/wp-content\/uploads\/2017\/10\/ferd_pramen-768x576.jpg 768w\" sizes=\"auto, (max-width: 767px) 89vw, (max-width: 1000px) 54vw, (max-width: 1071px) 543px, 580px\" \/><\/a><\/p>\n<p>Das Hauptverdienst an der Idee, die mineralisierten eisenhaltigen Quellen f\u00fcr Heilzwecke zu nutzen und Heilb\u00e4der zu errichten, geb\u00fchrt zwei bedeutenden M\u00e4nnern des Klosters Tepl\u00e1\/Tepl: dem Klosterarzt <a href=\"https:\/\/de.wikipedia.org\/wiki\/Johann_Josef_Nehr\" target=\"_blank\" rel=\"noopener\">Dr. Josef Jan Nehr \/ Dr.\u00a0Johann Josef Nehr<\/a> und ganz besonders dem damaligen Abt des Klosters <a href=\"https:\/\/de.wikipedia.org\/wiki\/Karl_Prokop_Reitenberger\" target=\"_blank\" rel=\"noopener\">Karel Kaspar Reitenberger \/ Karl Prokop Reitenberger<\/a>.<br \/>\nBeide gelten heute als Begr\u00fcnder des Kurorts Marienbad, sie beauftragten den G\u00e4rtner (heute w\u00fcrde man ihn als Landschaftsarchitekten bezeichnen) <a href=\"https:\/\/cs.wikipedia.org\/wiki\/V%C3%A1clav_Skaln%C3%ADk\" target=\"_blank\" rel=\"noopener\">V\u00e1clav Skaln\u00edk \/ Wenzel Skalnik<\/a> mit der Umgestaltung des ehemals unwirtlichen sumpfigen Tales zu der noch heute einmaligen Park-Gesamtkomposition von Landschaftselementen und behutsamen gestalterischen Eingriffen, die neben den von den Prager Architekten Georg Fischer und Anton Turner entworfenen Kurgeb\u00e4uden den einmaligen Charakter von Mari\u00e1nsk\u00e9 L\u00e1zn\u011b\/Marienbad ausmachen.<\/p>\n<p>Die ersten Badeh\u00e4user &#8211; nach heutigem Verst\u00e4ndnis wohl eher &#8222;H\u00fctten&#8220; &#8211; wurden 1807\/1808 im Auftrag des Klosters Tepl\u00e1\/Tepl neben der Marienquelle errichtet, die damit dem Ort seinen heutigen Namen Marienbad \/ Mari\u00e1nsk\u00e9 L\u00e1zn\u011b gab. Die \u00e4ltesten H\u00e4user von Mari\u00e1nsk\u00e9 L\u00e1zn\u011b\/Marienbad befinden sich \u00fcbrigens in unmittelbarer N\u00e4he des heute sehr bekannten Nationalrestaurants <a href=\"http:\/\/www.uzlatekoule.com\/\" target=\"_blank\" rel=\"noopener\">U Zlat\u00e9 Koule<\/a> (Zur Goldenen Kugel).<\/p>\n<p><a href=\"https:\/\/www.marianske-lazne.de\/wp-content\/uploads\/2017\/10\/zl_koule.jpg\"><img loading=\"lazy\" decoding=\"async\" class=\"aligncenter size-full wp-image-736\" src=\"https:\/\/www.marianske-lazne.de\/wp-content\/uploads\/2017\/10\/zl_koule.jpg\" alt=\"\" width=\"800\" height=\"600\" srcset=\"http:\/\/www.marianske-lazne.de\/wp-content\/uploads\/2017\/10\/zl_koule.jpg 800w, http:\/\/www.marianske-lazne.de\/wp-content\/uploads\/2017\/10\/zl_koule-300x225.jpg 300w, http:\/\/www.marianske-lazne.de\/wp-content\/uploads\/2017\/10\/zl_koule-768x576.jpg 768w\" sizes=\"auto, (max-width: 767px) 89vw, (max-width: 1000px) 54vw, (max-width: 1071px) 543px, 580px\" \/><\/a><\/p>\n<p>Nehr und Reitenberger waren in ihrer &#8211; f\u00fcr die damalige Zeit vision\u00e4ren! &#8211; Art allerdings\u00a0nicht unumstritten. Speziell Abt Reitenberger, der neben eigenem Geld auch einen Teil des Klosterverm\u00f6gens f\u00fcr den Aufbau des Badeortes verwendete, stiess in den Reihen seiner Ordensbr\u00fcder auf offene Ablehnung und harte Vorw\u00fcrfe, er w\u00fcrde das Geld des Klosters\u00a0&#8222;in den \u00da\u0161ovicer S\u00fcmpfen\u00a0 versenken&#8220;!<\/p>\n<p>Man versuchte, Abt Reitenberger kaltzustellen, strengte eine Amtsenthebung an (offiziell trat er von seinem Amt zur\u00fcck, man kennt das ja auch aus der heutigen Zeit&#8230;), und der nun ehemalige Abt\u00a0 musste Tepla und Marienbad verlassen und ging 1827 nach Tirol, wo er 1860 im <a href=\"https:\/\/de.wikipedia.org\/wiki\/Stift_Wilten\" target=\"_blank\" rel=\"noopener\">Stift Wilten<\/a> bei Innsbruck starb.<br \/>\nZu Lebzeiten ist ihm leider die Anerkennung seiner Verdienste versagt geblieben, aber 1879 &#8211; anl\u00e4sslich seines 100. Geburtstags &#8211; liess die dankbare Stadt Marienbad ihm zu Ehren in der N\u00e4he der Kreuzquellenkolonade ein Denkmal errichten.<br \/>\nAuch unter den Br\u00fcdern des Klosters setzte wohl sp\u00e4ter ein Umdenken ein, 1906 wurden Abt Reitenbergers sterbliche \u00dcberreste nach Tepla \u00fcberf\u00fchrt und ehrenvoll auf dem Stiftsfriedhof beigesetzt.<\/p>\n<p><a href=\"https:\/\/www.marianske-lazne.de\/wp-content\/uploads\/2008\/10\/reitenberger.jpg\"><img loading=\"lazy\" decoding=\"async\" class=\"aligncenter size-full wp-image-739\" src=\"https:\/\/www.marianske-lazne.de\/wp-content\/uploads\/2008\/10\/reitenberger.jpg\" alt=\"\" width=\"800\" height=\"600\" srcset=\"http:\/\/www.marianske-lazne.de\/wp-content\/uploads\/2008\/10\/reitenberger.jpg 800w, http:\/\/www.marianske-lazne.de\/wp-content\/uploads\/2008\/10\/reitenberger-300x225.jpg 300w, http:\/\/www.marianske-lazne.de\/wp-content\/uploads\/2008\/10\/reitenberger-768x576.jpg 768w\" sizes=\"auto, (max-width: 767px) 89vw, (max-width: 1000px) 54vw, (max-width: 1071px) 543px, 580px\" \/><\/a><\/p>\n<p><a href=\"https:\/\/www.marianske-lazne.de\/wp-content\/uploads\/2008\/10\/tafel_reitenberger.jpg\"><img loading=\"lazy\" decoding=\"async\" class=\"aligncenter size-full wp-image-740\" src=\"https:\/\/www.marianske-lazne.de\/wp-content\/uploads\/2008\/10\/tafel_reitenberger.jpg\" alt=\"\" width=\"800\" height=\"600\" srcset=\"http:\/\/www.marianske-lazne.de\/wp-content\/uploads\/2008\/10\/tafel_reitenberger.jpg 800w, http:\/\/www.marianske-lazne.de\/wp-content\/uploads\/2008\/10\/tafel_reitenberger-300x225.jpg 300w, http:\/\/www.marianske-lazne.de\/wp-content\/uploads\/2008\/10\/tafel_reitenberger-768x576.jpg 768w\" sizes=\"auto, (max-width: 767px) 89vw, (max-width: 1000px) 54vw, (max-width: 1071px) 543px, 580px\" \/><\/a><\/p>\n<p>In den ersten Jahrzehnten des 19. Jahrhunderts begann die Entfaltung des Kurortes, wenn auch anfangs noch etwas z\u00f6gerlich. Kamen im Jahr 1827 nur ungef\u00e4hr 1.500 Kurg\u00e4ste nach Mari\u00e1nsk\u00e9 L\u00e1zn\u011b\/Marienbad, so verdoppelte sich ihre Zahl allm\u00e4hlich in den n\u00e4chsten 15 Jahren und verblieb auf diesem Niveau von ca. 3.000&#8230;5.000 Besuchern j\u00e4hrlich bis ins letzte Drittel des 19.Jahrhunderts hinein.<\/p>\n<p>Erst als Mari\u00e1nsk\u00e9 L\u00e1zn\u011b\/Marienbad an das Eisenbahnnetz angeschlossen wurde &#8211; 1872 an die Strecke <a href=\"https:\/\/de.wikipedia.org\/wiki\/Bahnstrecke_Plze%C5%88%E2%80%93Cheb\" target=\"_blank\" rel=\"noopener\">Plze\u0148\u2013Cheb\/Pilsen-Eger<\/a>, ab 1874 gab es eine <a href=\"https:\/\/de.wikipedia.org\/wiki\/Bahnstrecke_Mari%C3%A1nsk%C3%A9_L%C3%A1zn%C4%9B%E2%80%93Karlovy_Vary\" target=\"_blank\" rel=\"noopener\">direkte Verbindung nach Karlovy Vary\/Karlsbad<\/a> &#8211; kam es zu einem raschen Anstieg der Zahl der Kurg\u00e4ste, und 1874 wurde erstmals die &#8222;magische Zahl&#8220; von 10.000 G\u00e4sten \u00fcberschritten.<\/p>\n<p>Die verbesserte Erreichbarkeit von Mari\u00e1nsk\u00e9 L\u00e1zn\u011b\/Marienbad machte den Kurort nunmehr auch weniger privilegierten G\u00e4sten zug\u00e4nglich, die Versorgung verbesserte sich und rief einen neuen Bauboom hervor, so dass weitere Unterk\u00fcnfte zur Verf\u00fcgung standen. 1899, an der Schwelle zum 20.Jahrhundert, besuchten 20.000 Kurg\u00e4ste die Stadt, und die Tendenz war weiterhin positiv!<\/p>\n<p>Schon in den Anfangsjahren waren weltber\u00fchmte Pers\u00f6nlichkeiten aus Kunst, Kultur und Politik unter den G\u00e4sten. <a href=\"https:\/\/de.wikipedia.org\/wiki\/Johann_Wolfgang_von_Goethe\" target=\"_blank\" rel=\"noopener\">Johann Wolfgang Goethe<\/a> weilte mehrere Male hier (u.a. 1820, 1821, 1822 und 1823 &#8211; er wohnte im Haus &#8222;Zur Goldenen Traube&#8220; &#8211; heute <a href=\"http:\/\/muzeum-ml.cz\/\" target=\"_blank\" rel=\"noopener\">Stadtmuseum<\/a>), und fand in Mari\u00e1nsk\u00e9 L\u00e1zn\u011b\/Marienbad 72j\u00e4hrig seine letzte gro\u00dfe &#8211; allerdings unerwiderte &#8211; Liebe in der 17j\u00e4hrigen <a href=\"https:\/\/de.wikipedia.org\/wiki\/Ulrike_von_Levetzow\" target=\"_blank\" rel=\"noopener\">Ulrike von Levetzow<\/a>.<\/p>\n<p>Die Entt\u00e4uschung dar\u00fcber, dass das junge M\u00e4dchen seinen Heiratsantrag ablehnte, verarbeitete der grosse Dichter 1823 in seiner <a href=\"https:\/\/de.wikipedia.org\/wiki\/Johann_Wolfgang_von_Goethe#Marienbader_Elegie\" target=\"_blank\" rel=\"noopener\">Marienbader Elegie<\/a>. Er kehrte nie wieder &#8211; so weiss es die Geschichte zu berichten &#8211; nach Marienbad zur\u00fcck.<\/p>\n<p><a href=\"https:\/\/www.marianske-lazne.de\/wp-content\/uploads\/2017\/10\/goethe.jpg\"><img loading=\"lazy\" decoding=\"async\" class=\"aligncenter size-full wp-image-702\" src=\"https:\/\/www.marianske-lazne.de\/wp-content\/uploads\/2017\/10\/goethe.jpg\" alt=\"\" width=\"600\" height=\"710\" srcset=\"http:\/\/www.marianske-lazne.de\/wp-content\/uploads\/2017\/10\/goethe.jpg 600w, http:\/\/www.marianske-lazne.de\/wp-content\/uploads\/2017\/10\/goethe-254x300.jpg 254w\" sizes=\"auto, (max-width: 600px) 100vw, 600px\" \/><\/a><\/p>\n<p><a href=\"https:\/\/www.marianske-lazne.de\/wp-content\/uploads\/2017\/10\/goldene_traube.jpg\"><img loading=\"lazy\" decoding=\"async\" class=\"aligncenter size-full wp-image-703\" src=\"https:\/\/www.marianske-lazne.de\/wp-content\/uploads\/2017\/10\/goldene_traube.jpg\" alt=\"\" width=\"800\" height=\"600\" srcset=\"http:\/\/www.marianske-lazne.de\/wp-content\/uploads\/2017\/10\/goldene_traube.jpg 800w, http:\/\/www.marianske-lazne.de\/wp-content\/uploads\/2017\/10\/goldene_traube-300x225.jpg 300w, http:\/\/www.marianske-lazne.de\/wp-content\/uploads\/2017\/10\/goldene_traube-768x576.jpg 768w\" sizes=\"auto, (max-width: 767px) 89vw, (max-width: 1000px) 54vw, (max-width: 1071px) 543px, 580px\" \/><\/a><\/p>\n<p><a href=\"https:\/\/www.marianske-lazne.de\/wp-content\/uploads\/2008\/10\/goethovo_nam.jpg\"><img loading=\"lazy\" decoding=\"async\" class=\"aligncenter size-full wp-image-777\" src=\"https:\/\/www.marianske-lazne.de\/wp-content\/uploads\/2008\/10\/goethovo_nam.jpg\" alt=\"\" width=\"825\" height=\"376\" srcset=\"http:\/\/www.marianske-lazne.de\/wp-content\/uploads\/2008\/10\/goethovo_nam.jpg 825w, http:\/\/www.marianske-lazne.de\/wp-content\/uploads\/2008\/10\/goethovo_nam-300x137.jpg 300w, http:\/\/www.marianske-lazne.de\/wp-content\/uploads\/2008\/10\/goethovo_nam-768x350.jpg 768w\" sizes=\"auto, (max-width: 767px) 89vw, (max-width: 1000px) 54vw, (max-width: 1071px) 543px, 580px\" \/><\/a><\/p>\n<p>Ausgangs des 19.Jahrhunderts etablierte sich Mari\u00e1nsk\u00e9 L\u00e1zn\u011b\/Marienbad als europ\u00e4isches Zentrum von Politik und Gesellschaft.<\/p>\n<p>Es war die Bl\u00fctezeit des Bades, viele gekr\u00f6nte H\u00e4upter und andere Promininente besuchten in dieser Zeit die Stadt.<\/p>\n<p>Die G\u00e4steliste des 19.\/Anfang 20. Jahrhunderts liest sich heute noch wie das &#8222;Who is who&#8220; der damaligen Zeit:<br \/>\nNikolai Gogol (1839),<br \/>\nFryderyk Chopin (1836),<br \/>\nRichard Wagner (1845),<br \/>\nJohann Strauss (1890\/1891),<br \/>\nMark Twain (1891),<br \/>\nThomas Alfa Edison (1911),<br \/>\nSiegmund Freud (1913),<br \/>\nFranz Kafka (1916),<br \/>\nMaxim Gorki (1923\/1924)<\/p>\n<p>und viele andere mehr.<\/p>\n<p>1897 kam der sp\u00e4tere britische <a href=\"https:\/\/de.wikipedia.org\/wiki\/Eduard_VII.\" target=\"_blank\" rel=\"noopener\">K\u00f6nig Edward VII.<\/a> &#8211; der seinerzeit m\u00e4chtigste Mann der Welt &#8211; zum ersten Mal zur Kur nach Mari\u00e1nsk\u00e9 L\u00e1zn\u011b\/Marienbad, in den folgenden Jahren bis 1909 wiederholte er seine Besuche, was den Ruf des Kurortes ungemein f\u00f6rderte. Im Kurhotel &#8222;Nov\u00e9 L\u00e1zn\u011b\/Neubad&#8220; kann man heute als besondere Attraktion ein Bad in seiner K\u00f6nigskabine nehmen.<\/p>\n<p><a href=\"https:\/\/www.marianske-lazne.de\/wp-content\/uploads\/2017\/10\/king_edward01.jpg\"><img loading=\"lazy\" decoding=\"async\" class=\"aligncenter size-full wp-image-710\" src=\"https:\/\/www.marianske-lazne.de\/wp-content\/uploads\/2017\/10\/king_edward01.jpg\" alt=\"\" width=\"800\" height=\"600\" srcset=\"http:\/\/www.marianske-lazne.de\/wp-content\/uploads\/2017\/10\/king_edward01.jpg 800w, http:\/\/www.marianske-lazne.de\/wp-content\/uploads\/2017\/10\/king_edward01-300x225.jpg 300w, http:\/\/www.marianske-lazne.de\/wp-content\/uploads\/2017\/10\/king_edward01-768x576.jpg 768w\" sizes=\"auto, (max-width: 767px) 89vw, (max-width: 1000px) 54vw, (max-width: 1071px) 543px, 580px\" \/><\/a><\/p>\n<p><a href=\"https:\/\/www.marianske-lazne.de\/wp-content\/uploads\/2017\/10\/king_edward02.jpg\"><img loading=\"lazy\" decoding=\"async\" class=\"aligncenter size-full wp-image-711\" src=\"https:\/\/www.marianske-lazne.de\/wp-content\/uploads\/2017\/10\/king_edward02.jpg\" alt=\"\" width=\"800\" height=\"898\" srcset=\"http:\/\/www.marianske-lazne.de\/wp-content\/uploads\/2017\/10\/king_edward02.jpg 800w, http:\/\/www.marianske-lazne.de\/wp-content\/uploads\/2017\/10\/king_edward02-267x300.jpg 267w, http:\/\/www.marianske-lazne.de\/wp-content\/uploads\/2017\/10\/king_edward02-768x862.jpg 768w\" sizes=\"auto, (max-width: 767px) 89vw, (max-width: 1000px) 54vw, (max-width: 1071px) 543px, 580px\" \/><br \/>\n<\/a><a href=\"https:\/\/www.marianske-lazne.de\/wp-content\/uploads\/2008\/10\/panorama2a.jpg\"><img loading=\"lazy\" decoding=\"async\" class=\"aligncenter size-large wp-image-749\" src=\"https:\/\/www.marianske-lazne.de\/wp-content\/uploads\/2008\/10\/panorama2a-1024x288.jpg\" alt=\"\" width=\"525\" height=\"148\" srcset=\"http:\/\/www.marianske-lazne.de\/wp-content\/uploads\/2008\/10\/panorama2a-1024x288.jpg 1024w, http:\/\/www.marianske-lazne.de\/wp-content\/uploads\/2008\/10\/panorama2a-300x84.jpg 300w, http:\/\/www.marianske-lazne.de\/wp-content\/uploads\/2008\/10\/panorama2a-768x216.jpg 768w\" sizes=\"auto, (max-width: 525px) 100vw, 525px\" \/><\/a><br \/>\n<a href=\"https:\/\/www.marianske-lazne.de\/wp-content\/uploads\/2008\/10\/PB030029.jpg\"><img loading=\"lazy\" decoding=\"async\" class=\"aligncenter size-large wp-image-752\" src=\"https:\/\/www.marianske-lazne.de\/wp-content\/uploads\/2008\/10\/PB030029-1024x768.jpg\" alt=\"\" width=\"525\" height=\"394\" srcset=\"http:\/\/www.marianske-lazne.de\/wp-content\/uploads\/2008\/10\/PB030029-1024x768.jpg 1024w, http:\/\/www.marianske-lazne.de\/wp-content\/uploads\/2008\/10\/PB030029-300x225.jpg 300w, http:\/\/www.marianske-lazne.de\/wp-content\/uploads\/2008\/10\/PB030029-768x576.jpg 768w, http:\/\/www.marianske-lazne.de\/wp-content\/uploads\/2008\/10\/PB030029.jpg 1600w\" sizes=\"auto, (max-width: 525px) 100vw, 525px\" \/><\/a><br \/>\n<a href=\"https:\/\/www.marianske-lazne.de\/wp-content\/uploads\/2008\/10\/PB030028.jpg\"><img loading=\"lazy\" decoding=\"async\" class=\"aligncenter size-large wp-image-751\" src=\"https:\/\/www.marianske-lazne.de\/wp-content\/uploads\/2008\/10\/PB030028-1024x768.jpg\" alt=\"\" width=\"525\" height=\"394\" srcset=\"http:\/\/www.marianske-lazne.de\/wp-content\/uploads\/2008\/10\/PB030028-1024x768.jpg 1024w, http:\/\/www.marianske-lazne.de\/wp-content\/uploads\/2008\/10\/PB030028-300x225.jpg 300w, http:\/\/www.marianske-lazne.de\/wp-content\/uploads\/2008\/10\/PB030028-768x576.jpg 768w, http:\/\/www.marianske-lazne.de\/wp-content\/uploads\/2008\/10\/PB030028.jpg 1600w\" sizes=\"auto, (max-width: 525px) 100vw, 525px\" \/><\/a><br \/>\nK\u00f6nig Edward II.\u00a0traf sich hier mit weiteren namhaften Herrscher-Pers\u00f6nlichkeiten Europas: 1904 mit dem \u00f6sterreichischen Kaiser <a href=\"https:\/\/de.wikipedia.org\/wiki\/Franz_Joseph_I.\" target=\"_blank\" rel=\"noopener\">Franz Joseph I.<\/a>, &#8211; ein Denkmal verweist heute auf diese historische Begegnung:<\/p>\n<p><a href=\"https:\/\/www.marianske-lazne.de\/wp-content\/uploads\/2008\/10\/20171101_140748.jpg\"><img loading=\"lazy\" decoding=\"async\" class=\"aligncenter size-large wp-image-778\" src=\"https:\/\/www.marianske-lazne.de\/wp-content\/uploads\/2008\/10\/20171101_140748-1024x768.jpg\" alt=\"\" width=\"525\" height=\"394\" srcset=\"http:\/\/www.marianske-lazne.de\/wp-content\/uploads\/2008\/10\/20171101_140748-1024x768.jpg 1024w, http:\/\/www.marianske-lazne.de\/wp-content\/uploads\/2008\/10\/20171101_140748-300x225.jpg 300w, http:\/\/www.marianske-lazne.de\/wp-content\/uploads\/2008\/10\/20171101_140748-768x576.jpg 768w\" sizes=\"auto, (max-width: 525px) 100vw, 525px\" \/><\/a><br \/>\nund 1907 kommt es im Hotel Weimar (fr\u00fcher: Klebelsberger Palais, heute Kavkaz, leider noch auf die Renovierung hoffend&#8230;) zu einem Gipfeltreffen \u00fcber die Aufteilung der Einfluss-Sph\u00e4ren in Asien.<\/p>\n<p><a href=\"https:\/\/www.marianske-lazne.de\/wp-content\/uploads\/2017\/10\/king_edward03.jpg\"><img loading=\"lazy\" decoding=\"async\" class=\"aligncenter size-full wp-image-712\" src=\"https:\/\/www.marianske-lazne.de\/wp-content\/uploads\/2017\/10\/king_edward03.jpg\" alt=\"\" width=\"800\" height=\"600\" srcset=\"http:\/\/www.marianske-lazne.de\/wp-content\/uploads\/2017\/10\/king_edward03.jpg 800w, http:\/\/www.marianske-lazne.de\/wp-content\/uploads\/2017\/10\/king_edward03-300x225.jpg 300w, http:\/\/www.marianske-lazne.de\/wp-content\/uploads\/2017\/10\/king_edward03-768x576.jpg 768w\" sizes=\"auto, (max-width: 767px) 89vw, (max-width: 1000px) 54vw, (max-width: 1071px) 543px, 580px\" \/><\/a><\/p>\n<p>K\u00f6nig Edward VII. verhandelt hier auch mit dem russischen Aussenminister und dem franz\u00f6sischen Ministerpr\u00e4sidenten, die getroffenen Vereinbarungen waren die Grundlage der sp\u00e4teren &#8211; gegen Deutschland und \u00d6sterreich-Ungarn gerichteten &#8211; <a href=\"https:\/\/de.wikipedia.org\/wiki\/Triple_Entente\" target=\"_blank\" rel=\"noopener\">Entente<\/a>.<\/p>\n<figure id=\"attachment_709\" aria-describedby=\"caption-attachment-709\" style=\"width: 800px\" class=\"wp-caption aligncenter\"><a href=\"https:\/\/www.marianske-lazne.de\/wp-content\/uploads\/2017\/10\/kavkaz02.jpg\"><img loading=\"lazy\" decoding=\"async\" class=\"wp-image-709 size-full\" src=\"https:\/\/www.marianske-lazne.de\/wp-content\/uploads\/2017\/10\/kavkaz02.jpg\" alt=\"\" width=\"800\" height=\"600\" srcset=\"http:\/\/www.marianske-lazne.de\/wp-content\/uploads\/2017\/10\/kavkaz02.jpg 800w, http:\/\/www.marianske-lazne.de\/wp-content\/uploads\/2017\/10\/kavkaz02-300x225.jpg 300w, http:\/\/www.marianske-lazne.de\/wp-content\/uploads\/2017\/10\/kavkaz02-768x576.jpg 768w\" sizes=\"auto, (max-width: 767px) 89vw, (max-width: 1000px) 54vw, (max-width: 1071px) 543px, 580px\" \/><\/a><figcaption id=\"caption-attachment-709\" class=\"wp-caption-text\">Das KAVKAZ heute&#8230;<\/figcaption><\/figure>\n<figure id=\"attachment_708\" aria-describedby=\"caption-attachment-708\" style=\"width: 1004px\" class=\"wp-caption aligncenter\"><a href=\"https:\/\/www.marianske-lazne.de\/wp-content\/uploads\/2017\/10\/kavkaz01.jpg\"><img loading=\"lazy\" decoding=\"async\" class=\"wp-image-708 size-full\" src=\"https:\/\/www.marianske-lazne.de\/wp-content\/uploads\/2017\/10\/kavkaz01.jpg\" alt=\"\" width=\"1004\" height=\"550\" srcset=\"http:\/\/www.marianske-lazne.de\/wp-content\/uploads\/2017\/10\/kavkaz01.jpg 1004w, http:\/\/www.marianske-lazne.de\/wp-content\/uploads\/2017\/10\/kavkaz01-300x164.jpg 300w, http:\/\/www.marianske-lazne.de\/wp-content\/uploads\/2017\/10\/kavkaz01-768x421.jpg 768w\" sizes=\"auto, (max-width: 767px) 89vw, (max-width: 1000px) 54vw, (max-width: 1071px) 543px, 580px\" \/><\/a><figcaption id=\"caption-attachment-708\" class=\"wp-caption-text\">&#8230;und in den 70er Jahren des 20. Jahrhunderts.<\/figcaption><\/figure>\n<p>Der englische K\u00f6nig Edward II. war es \u00fcbrigens auch, der hier in Marienbad im August 1905 den ersten <a href=\"http:\/\/www.golfml.cz\/de\/\" target=\"_blank\" rel=\"noopener\">Royal Golf Club<\/a> auf dem europ\u00e4ischen Festland er\u00f6ffnete. Zu den Festlichkeiten anl\u00e4sslich des 100.Geburtstages des Golfplatzes weilte mit Prince Edward wiederum ein Mitglied des britischen K\u00f6nigshauses in Mari\u00e1nsk\u00e9 L\u00e1zn\u011b\/Marienbad.<\/p>\n<p>Hier ein Video eines tschechischen UrbExers, der das Kavkaz 2014 erkundete:<\/p>\n<p><iframe loading=\"lazy\" src=\"https:\/\/www.youtube.com\/embed\/ZngRr06ZAuE?rel=0\" width=\"560\" height=\"315\" frameborder=\"0\" allowfullscreen=\"allowfullscreen\"><\/iframe><\/p>\n<p><a href=\"https:\/\/www.marianske-lazne.de\/?p=754\"><span style=\"font-family: Verdana;\">\u2192 weiter zum zweiten Teil. <\/span><\/a><\/p>\n","protected":false},"excerpt":{"rendered":"<p>Mari\u00e1nsk\u00e9 L\u00e1zn\u011b\/Marienbad ist eines der drei weltber\u00fchmten Kurb\u00e4der des westb\u00f6hmischen B\u00e4derdreiecks, und es ist das j\u00fcngste von ihnen: w\u00e4hrend Karlovy Vary\/Karlsbad bereits im 14. Jahrhundert Stadtrecht erhielt und auch seit dieser Zeit die dortigen Heilquellen genutzt werden, feierte Mari\u00e1nsk\u00e9 L\u00e1zn\u011b im Jahr 2008 das 200j\u00e4hrige Jubil\u00e4um des Kurbetriebes. In dieser &#8211; historisch gesehen &#8211; recht &hellip; <\/p>\n<p class=\"link-more\"><a href=\"http:\/\/www.marianske-lazne.de\/?p=680\" class=\"more-link\"><span class=\"screen-reader-text\">\u201e(1) Ausflug in die Geschichte von Mari\u00e1nsk\u00e9 L\u00e1zn\u011b\/Marienbad &#8211; wie alles begann&#8230;\u201c <\/span>weiterlesen<\/a><\/p>\n","protected":false},"author":2,"featured_media":0,"comment_status":"closed","ping_status":"open","sticky":false,"template":"","format":"standard","meta":{"_monsterinsights_skip_tracking":false,"_monsterinsights_sitenote_active":false,"_monsterinsights_sitenote_note":"","_monsterinsights_sitenote_category":0,"footnotes":""},"categories":[9],"tags":[],"class_list":["post-680","post","type-post","status-publish","format-standard","hentry","category-historie"],"aioseo_notices":[],"_links":{"self":[{"href":"http:\/\/www.marianske-lazne.de\/index.php?rest_route=\/wp\/v2\/posts\/680","targetHints":{"allow":["GET"]}}],"collection":[{"href":"http:\/\/www.marianske-lazne.de\/index.php?rest_route=\/wp\/v2\/posts"}],"about":[{"href":"http:\/\/www.marianske-lazne.de\/index.php?rest_route=\/wp\/v2\/types\/post"}],"author":[{"embeddable":true,"href":"http:\/\/www.marianske-lazne.de\/index.php?rest_route=\/wp\/v2\/users\/2"}],"replies":[{"embeddable":true,"href":"http:\/\/www.marianske-lazne.de\/index.php?rest_route=%2Fwp%2Fv2%2Fcomments&post=680"}],"version-history":[{"count":22,"href":"http:\/\/www.marianske-lazne.de\/index.php?rest_route=\/wp\/v2\/posts\/680\/revisions"}],"predecessor-version":[{"id":4336,"href":"http:\/\/www.marianske-lazne.de\/index.php?rest_route=\/wp\/v2\/posts\/680\/revisions\/4336"}],"wp:attachment":[{"href":"http:\/\/www.marianske-lazne.de\/index.php?rest_route=%2Fwp%2Fv2%2Fmedia&parent=680"}],"wp:term":[{"taxonomy":"category","embeddable":true,"href":"http:\/\/www.marianske-lazne.de\/index.php?rest_route=%2Fwp%2Fv2%2Fcategories&post=680"},{"taxonomy":"post_tag","embeddable":true,"href":"http:\/\/www.marianske-lazne.de\/index.php?rest_route=%2Fwp%2Fv2%2Ftags&post=680"}],"curies":[{"name":"wp","href":"https:\/\/api.w.org\/{rel}","templated":true}]}}