{"id":2739,"date":"2020-11-30T22:23:34","date_gmt":"2020-11-30T21:23:34","guid":{"rendered":"https:\/\/www.marianske-lazne.de\/?p=2739"},"modified":"2021-01-03T16:53:03","modified_gmt":"2021-01-03T15:53:03","slug":"corona-krise-2020-2","status":"publish","type":"post","link":"http:\/\/www.marianske-lazne.de\/?p=2739","title":{"rendered":"Corona-Krise 2020 (2)  :("},"content":{"rendered":"<figure id=\"attachment_2687\" aria-describedby=\"caption-attachment-2687\" style=\"width: 150px\" class=\"wp-caption alignleft\"><a href=\"https:\/\/www.marianske-lazne.de\/wp-content\/uploads\/2020\/03\/1024px-Corona_virus_Covid-19_Single_Virion.png\"><img loading=\"lazy\" decoding=\"async\" class=\"wp-image-2687 size-thumbnail\" src=\"https:\/\/www.marianske-lazne.de\/wp-content\/uploads\/2020\/03\/1024px-Corona_virus_Covid-19_Single_Virion-150x150.png\" alt=\"\" width=\"150\" height=\"150\" srcset=\"http:\/\/www.marianske-lazne.de\/wp-content\/uploads\/2020\/03\/1024px-Corona_virus_Covid-19_Single_Virion-150x150.png 150w, http:\/\/www.marianske-lazne.de\/wp-content\/uploads\/2020\/03\/1024px-Corona_virus_Covid-19_Single_Virion-300x300.png 300w, http:\/\/www.marianske-lazne.de\/wp-content\/uploads\/2020\/03\/1024px-Corona_virus_Covid-19_Single_Virion.png 1024w, http:\/\/www.marianske-lazne.de\/wp-content\/uploads\/2020\/03\/1024px-Corona_virus_Covid-19_Single_Virion-768x768.png 768w, http:\/\/www.marianske-lazne.de\/wp-content\/uploads\/2020\/03\/1024px-Corona_virus_Covid-19_Single_Virion-100x100.png 100w\" sizes=\"auto, (max-width: 150px) 100vw, 150px\" \/><\/a><figcaption id=\"caption-attachment-2687\" class=\"wp-caption-text\">3D-illustration of a single Corona virus Covid-19 particle with alpha. Quelle: Wikipedia.org<\/figcaption><\/figure>\n<p>Bereits Ende 2019 hatten wir (wie immer) f\u00fcr die Zeit vom 31.10.-14.11.2020 wieder unseren traditionellen 2w\u00f6chigen Kuraufenthalt im SwissHouse in Mari\u00e1nsk\u00e9 L\u00e1zn\u011b gebucht.<\/p>\n<p>Diese 14 Tage sind f\u00fcr uns <strong>Entspannung und Erholung pur<\/strong>, und sie tragen wesentlich dazu bei, die Belastungen des Alltags &#8211; ob physischer oder psychischer Natur &#8211; in den restlichen Monaten des Jahres auszuhalten.<\/p>\n<p>Auch wenn sich w\u00e4hrend der <a href=\"https:\/\/www.marianske-lazne.de\/?p=2720\">Wellnesswoche der Damenrunde im August\/September 2020<\/a> eine erneute\u00a0 dramatische Entwicklung der CORONA-Krise noch nicht so deutlich abzeichnete,\u00a0 versch\u00e4rfte sich die Situation sp\u00e4ter im Monat September wieder.<!--more--><br \/>\nReisen nach Tschechien waren zu diesem Zeitpunkt allerdings noch problemlos m\u00f6glich,\u00a0 und wir pers\u00f6nlich h\u00e4tten auch kein Problem damit gehabt, unsere Reise nach Marienbad anzutreten, zumal diese Region auch nie ein HotSpot war.<\/p>\n<p>Allerdings erkl\u00e4rte Deutschland Ende September die Tschechische Republik zum Risikogebiet, was f\u00fcr uns bedeuten w\u00fcrde, dass wir nach R\u00fcckkehr von unserem Kuraufenthalt Mitte November in eine vierzehnt\u00e4gige Quarant\u00e4ne gehen m\u00fcssten, <strong>und das auch bei negativem Test auf COVID19!<\/strong><\/p>\n<p>Das war nat\u00fcrlich keine Option f\u00fcr uns. Ich (Torsten) h\u00e4tte ja eventuell noch von zu Hause aus (zumindest eingeschr\u00e4nkt) arbeiten k\u00f6nnen, aber im Friseursalon von Angela war das Bestellbuch f\u00fcr die Zeit nach unserem Urlaub bereits randvoll\u00a0 mit Terminen gef\u00fcllt, und das l\u00e4sst sich bei Quarant\u00e4ne und im &#8222;Home-Office&#8220; nat\u00fcrlich nicht erledigen.<\/p>\n<p>Schweren Herzens stornierten wir somit Ende September unseren obligatorischen Kururlaub &#8211; allerdings nicht, ohne den Mitarbeitern im SwissHouse sowie unseren Bekannten und Freunden in Marienbad zu versichern, dass wir unverz\u00fcglich nach Aufhebung der Reisebeschr\u00e4nkungen wieder zu ihnen zu Besuch kommen w\u00fcrden.<\/p>\n<p>Leider sah es aber bald darauf nicht so aus, dass es zeitnah zu einer Entspannung der Lage kommen w\u00fcrde&#8230;<br \/>\nDie Zahl der positiv auf COVID19 getesteten Personen stieg von Tag zu Tag, so dass ab 05. Oktober 2020 erneut der Ausnahmezustand in Tschechien verk\u00fcndet wurde, der auch noch sp\u00e4ter immer wieder verl\u00e4ngert wurde.<\/p>\n<p>Das hatte zun\u00e4chst wenig Einfluss auf die Zahl der Positivtestungen in Tschechien, so dass es im Oktober und Anfang November mehrfach zu Neuinfektionen\u00a0 jenseits von 15.000 pro Tag kam.<\/p>\n<p>Deshalb musste Tschechien ab 22.10.2020 erneut &#8211; wie bereits im Fr\u00fchjahr 2020 &#8211; in einen Lockdown gehen.<br \/>\nAlle Gesch\u00e4fte und Restaurants schlossen\u00a0 &#8211; nur\u00a0 Lebensmittelgesch\u00e4fte, Drogerien und Apotheken durften ge\u00f6ffnet bleiben.<br \/>\nEine &#8222;Quasi-Ausgangssperre&#8220; (komplettes Verbot zum Aufenthalt in der \u00d6ffentlichkeit zwischen 21.:00 und 05:00 Uhr!) wurde verh\u00e4ngt: die Wohnung durfte nur noch f\u00fcr den Weg zur Arbeit, f\u00fcr notwendige Eink\u00e4ufe, Arzt- und Familienbesuche verlassen werden, ab 21. Oktober 2020 galt auch wieder eine Maskenpflicht im Freien.\u00a0 Ohje&#8230;<\/p>\n<p>Doch diese vergleichsweise rigorosen Ma\u00dfnahmen zeigten tats\u00e4chlich Wirkung, die Zahl der positiv getesteten Personen pro Tag sank wieder auf Werte von 2.000&#8230;3000.<\/p>\n<p>Dadurch wurde eine gewisse Lockerung der Kontaktbeschr\u00e4nkungen m\u00f6glich, so dass ab 03.12.2020 unter Einhaltung der bekannten\u00a0 Hygiene-Ma\u00dfnahmen\u00a0 Restaurants und Bars wieder \u00f6ffnen d\u00fcrfen, allerdings nur unter Nutzung von max. 50 Prozent der G\u00e4ste-Kapazit\u00e4t. Weiterhin gilt immer noch die n\u00e4chtliche Sperrstunde zwischen 22 Uhr und 6 Uhr.<br \/>\nEbenfalls d\u00fcrfen wieder die Gesch\u00e4fte und Einkaufszentren \u00f6ffnen, unter Beachtung der Regel, dass sich nur eine Person pro 15 Quadratmeter Verkaufsfl\u00e4che aufhalten darf.<\/p>\n<p>Wir hofften sehr, dass Handel und Gastgewerbe die Vorweihnachtszeit und die Feiertage nutzen konnten, um wenigstens einen Teil der Verluste der Lockdown-Monate im Jahr 2020 auszugleichen. Und wir hofften ebenfalls, dass nicht zu Beginn des Jahres 2021 eine erneute Versch\u00e4rfung der Beschr\u00e4nkungen anstehen w\u00fcrde, weil sich die Zahlen wieder extrem negativ entwickelt haben.<\/p>\n<p>Doch bereits nach zwei Wochen Lockerung mussten ab 18.12.2020 erneut Restaurants, Caf\u00e9s, Hotels und Pensionen schlie\u00dfen, ebenso wie Schwimmhallen und Fitnesszentren, Museen und Galerien sowie Bibliotheken. Gastbetriebe d\u00fcrfen Speisen und Getr\u00e4nke nur noch \u00fcber ein Ausgabefenster verkaufen. Allerdings blieben diesmal Gesch\u00e4fte und Dienstleister ge\u00f6ffnet, nachts zwischen 23 und 5 Uhr gilt erneut ein Ausgangsverbot, unter freiem Himmel d\u00fcrfen maximal sechs Menschen zusammentreffen. Es ist wirklich eine schlimme Zeit&#8230;<\/p>\n<p>Um zum Schluss noch einmal zur\u00fcck zu unserem &#8211; <strong>erstmals seit 1999!<\/strong> &#8211; ausgefallenem gemeinsamen Kururlaub in Marienbad zu kommen:<\/p>\n<p>Nachdem wir die SwissHouse-Buchung und unsere Reise nach Tschechien stornieren mussten, schauten wir uns kurzfristig im eigenen Land nach etwas anderem um und buchten einen Kurzurlaub mit Wellnessanwendungen im <a href=\"http:\/\/www.inselhotel-potsdam.de\" target=\"_blank\" rel=\"noopener noreferrer\">INSELHOTEL Potsdam-Hermannswerder<\/a>.<\/p>\n<p>Doch auch diese Buchung mussten wir Ende Oktober aufgrund der nun auch in Deutschland geltenden Verordnungen &#8211; keine touristischen \u00dcbernachtungen, Restaurantschliessungen\u00a0 etc. &#8211;\u00a0 canceln.<br \/>\nSo verbrachten wir unsere geplanten Urlaubstage schliesslich zu Hause &#8211; mit einigen Tagesausfl\u00fcgen, Besuchen bei Kind und Enkel in Erfurt und zum Teil auch auf Arbeit.<\/p>\n<p>Und wer sich an die herrlich sonnigen Herbsttage in der ersten Novemberh\u00e4lfte erinnert, kann sich sicher vorstellen, wie gern wir bei diesem sch\u00f6nen Wetter im Marienbader Kurpark spazieren gegangen w\u00e4ren&#8230;<\/p>\n<p>Hoffen wir also gemeinsam, dass 2021 f\u00fcr uns alle ein besseres Jahr wird, dass wir wieder in unser Lieblingskurbad Mari\u00e1nsk\u00e9 L\u00e1zn\u011b zur\u00fcckkehren k\u00f6nnen und dort auch alles <strong>so und noch besser<\/strong> vorfinden werden, wie wir es aus den vergangenen mehr als 20 Jahren kennen und lieben.<\/p>\n","protected":false},"excerpt":{"rendered":"<p>Bereits Ende 2019 hatten wir (wie immer) f\u00fcr die Zeit vom 31.10.-14.11.2020 wieder unseren traditionellen 2w\u00f6chigen Kuraufenthalt im SwissHouse in Mari\u00e1nsk\u00e9 L\u00e1zn\u011b gebucht. Diese 14 Tage sind f\u00fcr uns Entspannung und Erholung pur, und sie tragen wesentlich dazu bei, die Belastungen des Alltags &#8211; ob physischer oder psychischer Natur &#8211; in den restlichen Monaten des &hellip; <\/p>\n<p class=\"link-more\"><a href=\"http:\/\/www.marianske-lazne.de\/?p=2739\" class=\"more-link\"><span class=\"screen-reader-text\">\u201eCorona-Krise 2020 (2)  :(\u201c <\/span>weiterlesen<\/a><\/p>\n","protected":false},"author":2,"featured_media":0,"comment_status":"open","ping_status":"open","sticky":false,"template":"","format":"standard","meta":{"_monsterinsights_skip_tracking":false,"_monsterinsights_sitenote_active":false,"_monsterinsights_sitenote_note":"","_monsterinsights_sitenote_category":0,"footnotes":""},"categories":[1],"tags":[],"class_list":["post-2739","post","type-post","status-publish","format-standard","hentry","category-allgemein"],"aioseo_notices":[],"_links":{"self":[{"href":"http:\/\/www.marianske-lazne.de\/index.php?rest_route=\/wp\/v2\/posts\/2739","targetHints":{"allow":["GET"]}}],"collection":[{"href":"http:\/\/www.marianske-lazne.de\/index.php?rest_route=\/wp\/v2\/posts"}],"about":[{"href":"http:\/\/www.marianske-lazne.de\/index.php?rest_route=\/wp\/v2\/types\/post"}],"author":[{"embeddable":true,"href":"http:\/\/www.marianske-lazne.de\/index.php?rest_route=\/wp\/v2\/users\/2"}],"replies":[{"embeddable":true,"href":"http:\/\/www.marianske-lazne.de\/index.php?rest_route=%2Fwp%2Fv2%2Fcomments&post=2739"}],"version-history":[{"count":6,"href":"http:\/\/www.marianske-lazne.de\/index.php?rest_route=\/wp\/v2\/posts\/2739\/revisions"}],"predecessor-version":[{"id":2749,"href":"http:\/\/www.marianske-lazne.de\/index.php?rest_route=\/wp\/v2\/posts\/2739\/revisions\/2749"}],"wp:attachment":[{"href":"http:\/\/www.marianske-lazne.de\/index.php?rest_route=%2Fwp%2Fv2%2Fmedia&parent=2739"}],"wp:term":[{"taxonomy":"category","embeddable":true,"href":"http:\/\/www.marianske-lazne.de\/index.php?rest_route=%2Fwp%2Fv2%2Fcategories&post=2739"},{"taxonomy":"post_tag","embeddable":true,"href":"http:\/\/www.marianske-lazne.de\/index.php?rest_route=%2Fwp%2Fv2%2Ftags&post=2739"}],"curies":[{"name":"wp","href":"https:\/\/api.w.org\/{rel}","templated":true}]}}