{"id":2684,"date":"2020-03-16T19:47:50","date_gmt":"2020-03-16T18:47:50","guid":{"rendered":"https:\/\/www.marianske-lazne.de\/?p=2684"},"modified":"2020-11-12T17:28:19","modified_gmt":"2020-11-12T16:28:19","slug":"corona-krise-2020","status":"publish","type":"post","link":"http:\/\/www.marianske-lazne.de\/?p=2684","title":{"rendered":"Corona-Krise 2020 (1)  :("},"content":{"rendered":"<figure id=\"attachment_2687\" aria-describedby=\"caption-attachment-2687\" style=\"width: 150px\" class=\"wp-caption alignleft\"><a href=\"https:\/\/www.marianske-lazne.de\/wp-content\/uploads\/2020\/03\/1024px-Corona_virus_Covid-19_Single_Virion.png\"><img loading=\"lazy\" decoding=\"async\" class=\"wp-image-2687 size-thumbnail\" src=\"https:\/\/www.marianske-lazne.de\/wp-content\/uploads\/2020\/03\/1024px-Corona_virus_Covid-19_Single_Virion-150x150.png\" alt=\"\" width=\"150\" height=\"150\" srcset=\"http:\/\/www.marianske-lazne.de\/wp-content\/uploads\/2020\/03\/1024px-Corona_virus_Covid-19_Single_Virion-150x150.png 150w, http:\/\/www.marianske-lazne.de\/wp-content\/uploads\/2020\/03\/1024px-Corona_virus_Covid-19_Single_Virion-300x300.png 300w, http:\/\/www.marianske-lazne.de\/wp-content\/uploads\/2020\/03\/1024px-Corona_virus_Covid-19_Single_Virion.png 1024w, http:\/\/www.marianske-lazne.de\/wp-content\/uploads\/2020\/03\/1024px-Corona_virus_Covid-19_Single_Virion-768x768.png 768w, http:\/\/www.marianske-lazne.de\/wp-content\/uploads\/2020\/03\/1024px-Corona_virus_Covid-19_Single_Virion-100x100.png 100w\" sizes=\"auto, (max-width: 150px) 100vw, 150px\" \/><\/a><figcaption id=\"caption-attachment-2687\" class=\"wp-caption-text\">3D-illustration of a single Corona virus Covid-19 particle with alpha. Quelle: Wikipedia.org<\/figcaption><\/figure>\n<p>Am 12. M\u00e4rz 2020 verh\u00e4ngte die Tschechische Republik den Ausnahmezustand. Sie reagierte damit fr\u00fchzeitig auf den Ausbruch der Virus-Pandemie und mit Ma\u00dfnahmen, die z.T. weit \u00fcber die anderer europ\u00e4ischer L\u00e4nder hinausgingen: Grenzschlie\u00dfungen, strikte Ausgangsbeschr\u00e4nkungen, generelle Pflicht zum Tragen von Mund-Nase-Schutzmasken in der \u00d6ffentlichkeit, Schlie\u00dfung von Schulen und Universit\u00e4ten, von Gastst\u00e4tten, Pensionen und Hotels usw.<!--more--><\/p>\n<p>Diese rigorosen Ma\u00dfnahmen trugen mit einiger Sicherheit dazu bei, die schnelle Ausbreitung des Virus zu verhindern (Tschechien geh\u00f6rt im Fr\u00fchjahr 2020 zu den L\u00e4ndern mit der geringsten Infektionsrate in Europa), bedeuteten aber nat\u00fcrlich f\u00fcr alle Menschen einen heftigen Eingriff in ihr Leben.<\/p>\n<p>Alle unsere Bekannten in Marienbad sind davon pers\u00f6nlich betroffen, denn die Schlie\u00dfung der Hotels erfolgte bereits ganz am Anfang der Massnahmenkette.<br \/>\nAuch Ehepartner\/Lebensgef\u00e4hrten &#8211; obwohl nicht in der Tourismusbranche t\u00e4tig &#8211; haben mit Restriktionen zu k\u00e4mpfen: entweder als tschechischer B\u00fcrger, der in Deutschland arbeitet und nun nicht mehr t\u00e4glich, sondern nur noch mehrw\u00f6chentlich mit anschlie\u00dfender Quarant\u00e4ne pendeln darf, oder als deutscher B\u00fcrger, der seit Jahren in Tschechien wohnt und in Deutschland arbeitet, aber als Deutscher nicht unter die tschechische Pendlerregelung f\u00e4llt.<\/p>\n<p>F\u00fcr Marienbad und die anderen Kurb\u00e4der in Westb\u00f6hmen ist diese Zeit nat\u00fcrlich besonders hart, denn der Gro\u00dfteil der Menschen hier lebt direkt oder indirekt vom Tourismus&#8230;<br \/>\nMan kann nur hoffen, dass die Zeit der rigorosen Einschr\u00e4nkungen nicht \u00fcber Monate anh\u00e4lt, denn dann w\u00fcrde es wirklich kritisch. \ud83d\ude41<\/p>\n<p>Nach dem ersten Schock gab es aber auch bereits \u00dcberlegungen, wie mit der Situation durch die Reisebeschr\u00e4nkungen umzugehen ist und wie man &#8211; nach einer eventuellen Lockerung der Restriktionen vor den Sommerferien &#8211; den Tourismus langsam wieder &#8222;hochfahren&#8220; k\u00f6nnte.<\/p>\n<p>Die Tschechen haben &#8211; als europ\u00e4isches Binnenland ohne eigene K\u00fcste &#8211; seit jeher eine besondere Sehnsucht nach dem Meer und verbringen ihren Sommerurlaub sehr gern z.B. am Mittelmeer. Traditionell gefragte Reiseziele sind Kroatien, Griechenland, Italien, die T\u00fcrkei usw.<\/p>\n<p>Diese Reisepl\u00e4ne werden f\u00fcr das Jahr 2020 wohl leider deutlich anders aussehen m\u00fcssen.<\/p>\n<p>Deshalb haben sich eine Reihe von Marienbader Hotelbetreibern zusammengetan und wollen Sommerurlaub im eigenen Land anbieten. Dazu werden Angebote f\u00fcr Familien vorbereitet, die gemeinsame Unternehmungen f\u00fcr alle, aber z.B. auch Wellness f\u00fcr die Eltern beinhalten, w\u00e4hrend f\u00fcr die Kinder Animationprogramme angeboten werden.<\/p>\n<p>Dazu gibt es bereits jetzt einiges an Infrastruktur, wie beispielsweise <a href=\"https:\/\/www.sport-marianskelazne.cz\/sportovni-arealy\/park-prelat\/\" target=\"_blank\" rel=\"noopener noreferrer\">das Areal am Pr\u00e4latenbrunnen.<\/a> Weitere Dinge wie die Schaffung von Spielecken in Hotels, Anschaffung von Sportger\u00e4ten, Trampolins usw. sind aktuell in Arbeit.<\/p>\n<p>Hier auf der Webseite des <a href=\"https:\/\/www.coolonada.cz\/\" target=\"_blank\" rel=\"noopener noreferrer\">Animationsclubs Coolonada.cz<\/a> sind alle Angebote zusammengefasst.<br \/>\n<em>(Hinweis: die verlinkten Seiten sind aufgrund der angesprochenen Zielgruppe nat\u00fcrlich nur in tschechischer Sprache verf\u00fcgbar, aber wenn man einen entsprechenden Browser wie Google Chrome etc. verwendet, erscheint eine sehr verst\u00e4ndliche \u00dcbersetzung der Inhalte in deutsch.)<\/em><\/p>\n<p>Wir pers\u00f6nlich w\u00fcnschen uns sehr, dass diese\u00a0 Ma\u00dfnahmen helfen werden, die Corona-Krise einigerma\u00dfen zu \u00fcberstehen, damit Marienbad m\u00f6glichst bald wieder zum normalen Kurbetrieb zur\u00fcckkehren kann.<\/p>\n<p>Alles Gute, liebe Marienbader Freunde, bleiben Sie gesund!<\/p>\n<hr \/>\n<p><strong><span style=\"color: #0000ff;\">Update vom 05.06.2020:<\/span> <\/strong><\/p>\n<p>Seit heute (05.06.2020) stehen die Ampeln wieder auf <span style=\"color: #008000;\"><strong>GR\u00dcN<\/strong><\/span>. Tschechien ist endlich wieder ohne jede Beschr\u00e4nkung f\u00fcr Deutsche erreichbar, die \u00fcber die Corona-Monate andauernde Grenzblockade ist aufgehoben.<\/p>\n<p>Zuletzt \u00fcberschlugen sich die Ereignisse nahezu. Noch vor kurzem hatten die deutsche Bundeskanzlerin Angela Merkel und der tschechische Premier Andrej Babi\u0161 gemeinsam den 15. Juni als Zieldatum f\u00fcr die Wieder\u00f6ffnung der Grenze genannt.\u00a0 Dann hie\u00df es, die Blockade falle bereits eine Woche fr\u00fcher, in der Nacht auf Samstag.<br \/>\nUnd am Freitag folgte schlie\u00dflich der Beschluss der Prager Regierung: schon ab 05.06.2020 12 Uhr mittags ist der Weg wieder frei.<\/p>\n<p><span style=\"color: #0000ff;\"><strong>Endlich!<\/strong><\/span><\/p>\n<p>Wir freuen uns sehr, besonders auch f\u00fcr unsere tschechischen Freunde, die nun wieder etwas zuversichtlicher in die Zukunft schauen k\u00f6nnen.<\/p>\n","protected":false},"excerpt":{"rendered":"<p>Am 12. M\u00e4rz 2020 verh\u00e4ngte die Tschechische Republik den Ausnahmezustand. Sie reagierte damit fr\u00fchzeitig auf den Ausbruch der Virus-Pandemie und mit Ma\u00dfnahmen, die z.T. weit \u00fcber die anderer europ\u00e4ischer L\u00e4nder hinausgingen: Grenzschlie\u00dfungen, strikte Ausgangsbeschr\u00e4nkungen, generelle Pflicht zum Tragen von Mund-Nase-Schutzmasken in der \u00d6ffentlichkeit, Schlie\u00dfung von Schulen und Universit\u00e4ten, von Gastst\u00e4tten, Pensionen und Hotels usw.<\/p>\n","protected":false},"author":2,"featured_media":0,"comment_status":"open","ping_status":"open","sticky":false,"template":"","format":"standard","meta":{"_monsterinsights_skip_tracking":false,"_monsterinsights_sitenote_active":false,"_monsterinsights_sitenote_note":"","_monsterinsights_sitenote_category":0,"footnotes":""},"categories":[1],"tags":[],"class_list":["post-2684","post","type-post","status-publish","format-standard","hentry","category-allgemein"],"aioseo_notices":[],"_links":{"self":[{"href":"http:\/\/www.marianske-lazne.de\/index.php?rest_route=\/wp\/v2\/posts\/2684","targetHints":{"allow":["GET"]}}],"collection":[{"href":"http:\/\/www.marianske-lazne.de\/index.php?rest_route=\/wp\/v2\/posts"}],"about":[{"href":"http:\/\/www.marianske-lazne.de\/index.php?rest_route=\/wp\/v2\/types\/post"}],"author":[{"embeddable":true,"href":"http:\/\/www.marianske-lazne.de\/index.php?rest_route=\/wp\/v2\/users\/2"}],"replies":[{"embeddable":true,"href":"http:\/\/www.marianske-lazne.de\/index.php?rest_route=%2Fwp%2Fv2%2Fcomments&post=2684"}],"version-history":[{"count":10,"href":"http:\/\/www.marianske-lazne.de\/index.php?rest_route=\/wp\/v2\/posts\/2684\/revisions"}],"predecessor-version":[{"id":2711,"href":"http:\/\/www.marianske-lazne.de\/index.php?rest_route=\/wp\/v2\/posts\/2684\/revisions\/2711"}],"wp:attachment":[{"href":"http:\/\/www.marianske-lazne.de\/index.php?rest_route=%2Fwp%2Fv2%2Fmedia&parent=2684"}],"wp:term":[{"taxonomy":"category","embeddable":true,"href":"http:\/\/www.marianske-lazne.de\/index.php?rest_route=%2Fwp%2Fv2%2Fcategories&post=2684"},{"taxonomy":"post_tag","embeddable":true,"href":"http:\/\/www.marianske-lazne.de\/index.php?rest_route=%2Fwp%2Fv2%2Ftags&post=2684"}],"curies":[{"name":"wp","href":"https:\/\/api.w.org\/{rel}","templated":true}]}}